{"id":161429,"date":"2025-11-22T19:20:11","date_gmt":"2025-11-22T19:20:11","guid":{"rendered":"https:\/\/www.europesays.com\/pt\/161429\/"},"modified":"2025-11-22T19:20:11","modified_gmt":"2025-11-22T19:20:11","slug":"reveja-o-voo-inaugural-do-aviao-supersonico-silencioso-desenvolvido-pela-nasa-e-lockheed-martin","status":"publish","type":"post","link":"https:\/\/www.europesays.com\/pt\/161429\/","title":{"rendered":"Reveja o voo inaugural do avi\u00e3o supers\u00f3nico silencioso desenvolvido pela NASA e Lockheed Martin"},"content":{"rendered":"<p>A NASA confirmou o sucesso do primeiro voo <a href=\"https:\/\/tek.sapo.pt\/multimedia\/artigos\/voo-supersonico-mais-perto-da-realidade-nasa-mostra-detalhes-do-aviao-x-59\" target=\"_blank\" rel=\"noreferrer noopener nofollow\">do seu avi\u00e3o experimental X-59<\/a>, a pe\u00e7a central da miss\u00e3o Quesst (Quiet SuperSonic Technology). A aeronave supers\u00f3nica, desenvolvida em parceria com a Lockheed Martin, <strong>descolou das instala\u00e7\u00f5es da Skunk Works em Palmdale, Calif\u00f3rnia, para um teste de 67 minutos, <\/strong>que validou a aeronavegabilidade dos seus sistemas fundamentais.<\/p>\n<p><b id=\"s-b-embed-6921\" data-stringify-type=\"bold\">N\u00e3o perca nenhuma not\u00edcia importante da atualidade de tecnologia e\u00a0<\/b><b><a href=\"https:\/\/tek.sapo.pt\/\" target=\"_blank\" id=\"s-a-embed-6921\" rel=\"noreferrer noopener nofollow\" data-stringify-link=\"https:\/\/teknoticias.us15.list-manage.com\/subscribe?u=9a06a5af5e9150806abc02bae&amp;id=ef9b27090d\" data-sk=\"tooltip_parent\">acompanhe tudo em tek.sapo.pt<\/a><\/b><\/p>\n<p>O voo foi <a href=\"https:\/\/tek.sapo.pt\/multimedia\/artigos\/x-59-aviao-supersonico-silencioso-da-nasa-e-lockheed-martin-realiza-voo-inaugural-com-sucesso\" target=\"_blank\" rel=\"noreferrer noopener nofollow\">um marco hist\u00f3rico<\/a> para a ag\u00eancia espacial norte-americana, <strong>sendo o primeiro &#8220;X-plane&#8221; (avi\u00e3o experimental) pilotado e constru\u00eddo especificamente pela NASA em mais de duas d\u00e9cadas<\/strong>.<\/p>\n<p>Embora o X-59 tenha sido desenhado para voar a Mach 1.4 (cerca de 1.488 km\/h), este primeiro teste foi realizado a velocidades subs\u00f3nicas. Com o piloto de testes Nils Larson aos comandos,<strong> a aeronave atingiu uma altitude m\u00e1xima de 12.000 p\u00e9s (aproximadamente 3.600 metros) e uma velocidade de 370 km\/h.<\/strong><\/p>\n<p>Veja o v\u00eddeo<\/p>\n<p>&#8220;O voo correu como planeado&#8221;, confirmou a ag\u00eancia espacial, explicando que o trem de aterragem permaneceu em baixo durante toda a viagem por motivos de seguran\u00e7a, uma pr\u00e1tica comum em voos inaugurais. <strong>O voo de teste serviu para verificar os sistemas de voo e o desempenho geral antes de o avi\u00e3o ser levado para o Armstrong Flight Research Center, onde come\u00e7ar\u00e1 a fase intensiva de testes.<\/strong><\/p>\n<p>Recordamos que <strong>o grande trunfo do X-59 reside no seu design peculiar, que inclu\u00ed um nariz extremamente longo e pontiagudo e uma fuselagem desenhada para minimizar o impacto das ondas de choque<\/strong>. O objetivo \u00e9 transformar o violento &#8220;boom&#8221; s\u00f3nico, que atualmente pro\u00edbe voos comerciais supers\u00f3nicos sobre terra, num estalido quase inaud\u00edvel, compar\u00e1vel ao fechar da porta de um carro.<\/p>\n<p><strong>Para atingir este perfil aerodin\u00e2mico, a NASA teve de abdicar da janela frontal do cockpit. <\/strong>Em vez disso, o piloto Nils Larson utilizou o<strong> eXternal Vision System (XVS), um sistema de c\u00e2maras e ecr\u00e3s de alta defini\u00e7\u00e3o que substitui a vis\u00e3o direta<\/strong>, uma das inova\u00e7\u00f5es tecnol\u00f3gicas mais cr\u00edticas do projeto.<\/p>\n<p>Clique nas imagens para ver com mais detalhe<\/p>\n<p>A equipa prepara-se agora para iniciar a fase de testes exaustivos, <strong>como aumentar progressivamente a velocidade e a altitude at\u00e9 aos objetivos de cruzeiro, atingir as 925 milhas (Mach 1.4) a 55.000 p\u00e9s de altitude<\/strong>. De seguida vir\u00e1 a fase mais aguardada da miss\u00e3o Quesst, <strong>sobrevoar sobre v\u00e1rias comunidades nos Estados Unidos para recolher dados reais sobre a perce\u00e7\u00e3o humana do ru\u00eddo gerado pela aeronave<\/strong>.<\/p>\n<p>&#8220;O X-59 vai sair e voar pelo pa\u00eds&#8221;, afirmou Brad Flick, diretor do centro NASA Armstrong. <strong>Os dados recolhidos ser\u00e3o essenciais para tentar convencer os reguladores de avia\u00e7\u00e3o internacionais a reverem as proibi\u00e7\u00f5es de voo supers\u00f3nico comercial sobre terra<\/strong>, abrindo potencialmente as portas a viagens a\u00e9reas de passageiros muito mais r\u00e1pidas no futuro.<\/p>\n<p>Assine a\u00a0<a href=\"https:\/\/teknoticias.us15.list-manage.com\/subscribe?u=9a06a5af5e9150806abc02bae&amp;id=ef9b27090d\" target=\"_blank\" rel=\"noreferrer noopener nofollow\">newsletter do TEK Not\u00edcias<\/a>\u00a0e receba todos os dias as principais not\u00edcias de tecnologia na sua caixa de correio.<\/p>\n","protected":false},"excerpt":{"rendered":"A NASA confirmou o sucesso do primeiro voo do seu avi\u00e3o experimental X-59, a pe\u00e7a central da miss\u00e3o&hellip;\n","protected":false},"author":2,"featured_media":161430,"comment_status":"","ping_status":"","sticky":false,"template":"","format":"standard","meta":{"footnotes":""},"categories":[83],"tags":[88,89,90,32,33],"class_list":{"0":"post-161429","1":"post","2":"type-post","3":"status-publish","4":"format-standard","5":"has-post-thumbnail","7":"category-empresas","8":"tag-business","9":"tag-economy","10":"tag-empresas","11":"tag-portugal","12":"tag-pt"},"share_on_mastodon":{"url":"https:\/\/pubeurope.com\/@pt\/115594973858240724","error":""},"_links":{"self":[{"href":"https:\/\/www.europesays.com\/pt\/wp-json\/wp\/v2\/posts\/161429","targetHints":{"allow":["GET"]}}],"collection":[{"href":"https:\/\/www.europesays.com\/pt\/wp-json\/wp\/v2\/posts"}],"about":[{"href":"https:\/\/www.europesays.com\/pt\/wp-json\/wp\/v2\/types\/post"}],"author":[{"embeddable":true,"href":"https:\/\/www.europesays.com\/pt\/wp-json\/wp\/v2\/users\/2"}],"replies":[{"embeddable":true,"href":"https:\/\/www.europesays.com\/pt\/wp-json\/wp\/v2\/comments?post=161429"}],"version-history":[{"count":0,"href":"https:\/\/www.europesays.com\/pt\/wp-json\/wp\/v2\/posts\/161429\/revisions"}],"wp:featuredmedia":[{"embeddable":true,"href":"https:\/\/www.europesays.com\/pt\/wp-json\/wp\/v2\/media\/161430"}],"wp:attachment":[{"href":"https:\/\/www.europesays.com\/pt\/wp-json\/wp\/v2\/media?parent=161429"}],"wp:term":[{"taxonomy":"category","embeddable":true,"href":"https:\/\/www.europesays.com\/pt\/wp-json\/wp\/v2\/categories?post=161429"},{"taxonomy":"post_tag","embeddable":true,"href":"https:\/\/www.europesays.com\/pt\/wp-json\/wp\/v2\/tags?post=161429"}],"curies":[{"name":"wp","href":"https:\/\/api.w.org\/{rel}","templated":true}]}}