{"id":161431,"date":"2025-11-22T19:22:02","date_gmt":"2025-11-22T19:22:02","guid":{"rendered":"https:\/\/www.europesays.com\/pt\/161431\/"},"modified":"2025-11-22T19:22:02","modified_gmt":"2025-11-22T19:22:02","slug":"podemos-ter-que-sacrificar-os-nossos-filhos-numa-guerra-com-a-russia-diz-general-frances","status":"publish","type":"post","link":"https:\/\/www.europesays.com\/pt\/161431\/","title":{"rendered":"&#8220;Podemos ter que sacrificar os nossos filhos&#8221; numa guerra com a R\u00fassia, diz general franc\u00eas"},"content":{"rendered":"<p class=\"wp-caption-text top\">MDL Victor Fran\u00e7ois \/ DICOD \/ Minist\u00e8re des Arm\u00e9es et des Anciens combattants <\/p>\n<p><img decoding=\"async\" loading=\"lazy\" class=\"size-kopa-image-size-3 wp-image-712723\" src=\"https:\/\/www.europesays.com\/pt\/wp-content\/uploads\/2025\/11\/5ca2aa845c8cd5ace6b016841f100d82-783x450.jpg\" alt=\"\" width=\"700\" height=\"402\"  \/><\/p>\n<p class=\"wp-caption-text bot\">O novo chefe do Estado-Maior franc\u00eas, Fabien Mandon<\/p>\n<p><strong>General franc\u00eas provoca pol\u00e9mica ao alertar para o risco de \u201cperder filhos\u201d num eventual conflito com a R\u00fassia. Figuras de ambos os extremos do espectro pol\u00edtico franc\u00eas reagiram em for\u00e7a ao que consideraram uma abordagem alarmista do novo l\u00edder militar do pa\u00eds.<\/strong><\/p>\n<p>O apelo veemente do general<strong> Fabien Mandon<\/strong>, novo chefe do Estado-Maior franc\u00eas, aos presidentes de c\u00e2mara do pa\u00eds, para que preparem os seus mun\u00edcipes para uma <strong>eventual guerra com a R\u00fassia<\/strong>, foi rapidamente condenado pelos principais partidos pol\u00edticos.<\/p>\n<p>Durante uma reuni\u00e3o anual de autarcas franceses em Paris, na ter\u00e7a-feira, o general\u00a0 instou os respons\u00e1veis locais a alertar os cidad\u00e3os para a necessidade de \u201c<strong>aceitar o sofrimento, para proteger quem somos<\/strong>\u201d.<\/p>\n<p>\u201cDispomos de<strong> todo o conhecimento, de toda a for\u00e7a econ\u00f3mica<\/strong> e demogr\u00e1fica para dissuadir o regime de Moscovo\u201d, afirmou Mandon, citado pelo <a href=\"https:\/\/www.politico.eu\/article\/top-general-fabien-mandon-warns-france-must-accept-losing-children-in-possible-russia-war-triggering-uproar\/\" data-wpel-link=\"external\" target=\"_blank\" rel=\"nofollow external noopener noreferrer\" class=\"ext-link\">Politico<\/a>.<\/p>\n<p>No entanto, advertiu o novo chefe do Estado-Maior, caso a Fran\u00e7a \u201cn\u00e3o esteja <strong>preparada para aceitar perder os seus filhos<\/strong>, para sofrer economicamente porque as prioridades passam para a produ\u00e7\u00e3o de defesa, <strong>corremos um s\u00e9rio risco<\/strong>\u201d.<\/p>\n<p>O presidente da C\u00e2mara de Nice, <strong>Christian Estrosi<\/strong>, que \u00e9 tamb\u00e9m vice-presidente do partido Horizonte, apoiante de Emmanuel Macron, classificou a declara\u00e7\u00e3o do general como \u201c<strong>chocante<\/strong>\u201c, diz o <a href=\"https:\/\/www.channel4.com\/news\/military-chief-warns-of-sacrificing-french-children-for-defence\" data-wpel-link=\"external\" target=\"_blank\" rel=\"nofollow external noopener noreferrer\" class=\"ext-link\">Channel4<\/a>.<\/p>\n<p><strong>Partidos de ambos os extremos<\/strong> do espectro pol\u00edtico, que representam uma fatia significativa do eleitorado, <strong>reagiram negativamente<\/strong>, sublinhando a falta de consenso em Fran\u00e7a quanto \u00e0 necessidade de preparar o pa\u00eds para um cen\u00e1rio de guerra, bem como as <strong>diferentes avalia\u00e7\u00f5es sobre a amea\u00e7a que a R\u00fassia representa<\/strong> para o territ\u00f3rio franc\u00eas.<\/p>\n<p><strong>Jean-Luc M\u00e9lenchon<\/strong>, l\u00edder da esquerda radical e candidato presidencial em tr\u00eas ocasi\u00f5es, manifestou a sua <strong>\u201ctotal discord\u00e2ncia\u201d<\/strong> com Mandon numa publica\u00e7\u00e3o na rede X, afirmando que n\u00e3o cabe ao general \u201cantecipar sacrif\u00edcios decorrentes dos nossos fracassos diplom\u00e1ticos\u201d.<\/p>\n<p>A M\u00e9lenchon juntou-se<strong> Fabien Roussel, l\u00edder do Partido Comunista<\/strong>, que acusou Mandon de \u201c<strong>belicismo<\/strong>\u201d. A Fran\u00e7a Insubmissa, de M\u00e9lenchon, e os comunistas foram os \u00fanicos grupos parlamentares a <strong>votar contra uma resolu\u00e7\u00e3o simb\u00f3lica<\/strong>, no ano passado, que autorizava o envio de ajuda militar \u00e0 Ucr\u00e2nia.<\/p>\n<p><strong>S\u00e9bastien Chenu<\/strong>, deputado do Reagrupamento Nacional de <strong>Marine Le Pen<\/strong>, afirmou esta quarta-feira, em entrevista \u00e0 esta\u00e7\u00e3o francesa La Cha\u00eene Info (LCI), que Fabien Mandon <strong>\u201cn\u00e3o tem legitimidade\u201d para fazer tais declara\u00e7\u00f5es<\/strong> e manifestou preocupa\u00e7\u00e3o de que estas reflitam o pensamento do presidente Macron.<\/p>\n<p>Mandon, nomeado este ano para substituir o general Thierry Burkhard como chefe do Estado-Maior franc\u00eas,<strong> j\u00e1 tinha avisado<\/strong>, na sua primeira audi\u00e7\u00e3o parlamentar no m\u00eas passado, que <strong>as for\u00e7as armadas francesas deviam estar prontas<\/strong>, \u201cdentro de tr\u00eas ou quatro anos\u201d, para um \u201cchoque\u201d no que toca \u00e0 R\u00fassia.<\/p>\n<p>Muitos pa\u00edses da NATO anteveem a<strong> possibilidade de Moscovo atacar a Alian\u00e7a<\/strong> de alguma forma at\u00e9 2030. Os aliados ocidentais concordaram com um aumento maci\u00e7o das <strong>despesas com a defesa<\/strong>, atingindo os 5% do PIB at\u00e9 2035, mas os governos temem que isso signifique <strong>cortes impopulares noutras \u00e1reas<\/strong>.<\/p>\n<p>A Fran\u00e7a Insubmissa e o Reagrupamento Nacional, que, segundo as sondagens mais recentes, poder\u00e3o defrontar-se na segunda volta das pr\u00f3ximas presidenciais, <strong>defendem ambos a sa\u00edda da Fran\u00e7a do comando integrado da NATO<\/strong>.<\/p>\n<p>Enquanto a Fran\u00e7a Insubmissa pretende que Paris <strong>abandone por completo<\/strong> a Alian\u00e7a Atl\u00e2ntica <strong>o mais cedo poss\u00edvel<\/strong>, o Reagrupamento Nacional admite esperar pelo <strong>fim da guerra da R\u00fassia na Ucr\u00e2nia para o fazer<\/strong>.<\/p>\n<p>    <a href=\"https:\/\/zap.aeiou.pt\/subscrever-newsletter\" data-wpel-link=\"internal\" rel=\"nofollow noopener\" target=\"_blank\">&#13;<br \/>\n        <img loading=\"lazy\" decoding=\"async\" class=\"aligncenter size-full wp-image-575475\" src=\"https:\/\/www.europesays.com\/pt\/wp-content\/uploads\/2025\/11\/2d51fe4a0ba54894421ead1809309ed9-1-450x140.jpg\" alt=\"Subscreva a Newsletter ZAP\" width=\"450\" height=\"140\"\/>&#13;<br \/>\n    <\/a><\/p>\n<p>                <a href=\"https:\/\/whatsapp.com\/channel\/0029VaIC4EE2f3EJZPPSbR34\" data-wpel-link=\"external\" target=\"_blank\" rel=\"nofollow external noopener noreferrer\" class=\"ext-link\">&#13;<br \/>\n                    <img loading=\"lazy\" decoding=\"async\" class=\"aligncenter size-full wp-image-575475\" src=\"https:\/\/www.europesays.com\/pt\/wp-content\/uploads\/2025\/11\/c68c559d956d4ca20f435ed74a6e71e6.png\" alt=\"Siga-nos no WhatsApp\" width=\"175\" height=\"64\"\/>&#13;<br \/>\n                <\/a><\/p>\n<p>                <a href=\"https:\/\/news.google.com\/publications\/CAAiEHRwZondIV71PDjWNoqMduEqFAgKIhB0cGaJ3SFe9Tw41jaKjHbh?hl=en-US&amp;gl=US&amp;ceid=US%3Aen\" data-wpel-link=\"external\" target=\"_blank\" rel=\"nofollow external noopener noreferrer\" class=\"ext-link\">&#13;<br \/>\n                    <img loading=\"lazy\" decoding=\"async\" class=\"aligncenter size-full wp-image-575475\" src=\"https:\/\/www.europesays.com\/pt\/wp-content\/uploads\/2025\/11\/5123dd8b087b644fdb8f8603acd1bad4.png\" alt=\"Siga-nos no Google News\" width=\"176\" height=\"64\"\/>&#13;<br \/>\n                <\/a><\/p>\n","protected":false},"excerpt":{"rendered":"MDL Victor Fran\u00e7ois \/ DICOD \/ Minist\u00e8re des Arm\u00e9es et des Anciens combattants O novo chefe do Estado-Maior&hellip;\n","protected":false},"author":2,"featured_media":161432,"comment_status":"","ping_status":"","sticky":false,"template":"","format":"standard","meta":{"footnotes":""},"categories":[50],"tags":[27,28,2537,15,16,208,830,14,25,26,21,22,62,3400,12,13,19,20,4007,23,24,839,17,18,29,30,31,63,64,65],"class_list":{"0":"post-161431","1":"post","2":"type-post","3":"status-publish","4":"format-standard","5":"has-post-thumbnail","7":"category-mundo","8":"tag-breaking-news","9":"tag-breakingnews","10":"tag-defesa","11":"tag-featured-news","12":"tag-featurednews","13":"tag-franca","14":"tag-guerra","15":"tag-headlines","16":"tag-latest-news","17":"tag-latestnews","18":"tag-main-news","19":"tag-mainnews","20":"tag-mundo","21":"tag-nato","22":"tag-news","23":"tag-noticias","24":"tag-noticias-principais","25":"tag-noticiasprincipais","26":"tag-politica-internacional","27":"tag-principais-noticias","28":"tag-principaisnoticias","29":"tag-russia","30":"tag-top-stories","31":"tag-topstories","32":"tag-ultimas","33":"tag-ultimas-noticias","34":"tag-ultimasnoticias","35":"tag-world","36":"tag-world-news","37":"tag-worldnews"},"share_on_mastodon":{"url":"","error":""},"_links":{"self":[{"href":"https:\/\/www.europesays.com\/pt\/wp-json\/wp\/v2\/posts\/161431","targetHints":{"allow":["GET"]}}],"collection":[{"href":"https:\/\/www.europesays.com\/pt\/wp-json\/wp\/v2\/posts"}],"about":[{"href":"https:\/\/www.europesays.com\/pt\/wp-json\/wp\/v2\/types\/post"}],"author":[{"embeddable":true,"href":"https:\/\/www.europesays.com\/pt\/wp-json\/wp\/v2\/users\/2"}],"replies":[{"embeddable":true,"href":"https:\/\/www.europesays.com\/pt\/wp-json\/wp\/v2\/comments?post=161431"}],"version-history":[{"count":0,"href":"https:\/\/www.europesays.com\/pt\/wp-json\/wp\/v2\/posts\/161431\/revisions"}],"wp:featuredmedia":[{"embeddable":true,"href":"https:\/\/www.europesays.com\/pt\/wp-json\/wp\/v2\/media\/161432"}],"wp:attachment":[{"href":"https:\/\/www.europesays.com\/pt\/wp-json\/wp\/v2\/media?parent=161431"}],"wp:term":[{"taxonomy":"category","embeddable":true,"href":"https:\/\/www.europesays.com\/pt\/wp-json\/wp\/v2\/categories?post=161431"},{"taxonomy":"post_tag","embeddable":true,"href":"https:\/\/www.europesays.com\/pt\/wp-json\/wp\/v2\/tags?post=161431"}],"curies":[{"name":"wp","href":"https:\/\/api.w.org\/{rel}","templated":true}]}}