{"id":161437,"date":"2025-11-22T19:34:11","date_gmt":"2025-11-22T19:34:11","guid":{"rendered":"https:\/\/www.europesays.com\/pt\/161437\/"},"modified":"2025-11-22T19:34:11","modified_gmt":"2025-11-22T19:34:11","slug":"rui-borges-garante-seriedade-do-sporting-contra-marinhense-na-quarta-eliminatoria","status":"publish","type":"post","link":"https:\/\/www.europesays.com\/pt\/161437\/","title":{"rendered":"Rui Borges garante seriedade do Sporting contra Marinhense na quarta eliminat\u00f3ria"},"content":{"rendered":"<p>&#13;<br \/>\nTamb\u00e9m de fora da partida da quarta eliminat\u00f3ria da Ta\u00e7a de Portugal vai ficar Hjulmand, mas apenas para \u201cgerir a parte f\u00edsica\u201d, assegurou Rui Borges, desvalorizando as poss\u00edveis implica\u00e7\u00f5es psicol\u00f3gicas que o falhan\u00e7o da Dinamarca no apuramento para o Mundial possa ter no m\u00e9dio, diretamente envolvido na derrota com a Esc\u00f3cia, no \u00faltimo jogo do apuramento.&#13;\n<\/p>\n<p>&#13;<br \/>\n<br \/>&#13;<br \/>\nPor sua vez, Jo\u00e3o Sim\u00f5es tamb\u00e9m \u201cest\u00e1 fora do jogo\u201d de s\u00e1bado, por les\u00e3o, assim como Maxi Ara\u00fajo, mas este \u201cpor castigo\u201d.&#13;\n<\/p>\n<p>&#13;<br \/>\n<br \/>&#13;<br \/>\nLuiz Su\u00e1rez, que apenas hoje reintegrou os treinos do Sporting, ap\u00f3s representar a sele\u00e7\u00e3o da Col\u00f4mbia, e Salvador Blopa, jovem da forma\u00e7\u00e3o que se estreou este m\u00eas pela equipa principal com um \u2018bis\u2019, frente ao Alverca, na Ta\u00e7a da Liga, \u201cest\u00e3o convocados\u201d, mas Borges recusou revelar o \u2018onze\u2019 para s\u00e1bado, garantindo apenas \u201czero facilitismos\u201d frente a um advers\u00e1rio do quarto escal\u00e3o competitivo portugu\u00eas.&#13;\n<\/p>\n<p>&#13;<br \/>\n<br \/>&#13;<br \/>\n\u201cO maior respeito que podemos ter pelo advers\u00e1rio \u00e9 esse, \u00e9 sermos s\u00e9rios\u201d, resumiu o treinador vencedor da Ta\u00e7a de Portugal na \u00faltima \u00e9poca.&#13;\n<\/p>\n<p><a href=\"https:\/\/www.rtp.pt\/play\/direto\/antena1\" target=\"_blank\" rel=\"nofollow noopener\"><img decoding=\"async\" src=\"https:\/\/www.europesays.com\/pt\/wp-content\/uploads\/2025\/11\/cc16375ee25863e60fe308f7526f8b98\"\/><\/a><\/p>\n<p>&#13;<br \/>\n<br \/>&#13;<br \/>\nMarinhense sonha com milagre em Alvalade frente ao campe\u00e3o nacional&#13;\n<\/p>\n<p>&#13;<br \/>\n<br \/>&#13;<br \/>\nJ\u00e1 do lado do Marinhense , o t\u00e9cnico Renato Sousa, promovido dos sub-19, e que assumiu o comando do Marinhense na semana da visita ao Est\u00e1dio Jos\u00e9 Alvalade, ap\u00f3s a suspens\u00e3o preventiva do ex-t\u00e9cnico Rui Sacramento, afirmou que a equipa est\u00e1 motivada e, estando perto de F\u00e1tima, at\u00e9 pode acontecer um milagre frente ao Sporting, no jogo da quarta eliminat\u00f3ria da Ta\u00e7a de Portugal de futebol.\u00a0&#13;\n<\/p>\n<p>\n\u201c Por que n\u00e3o? No futebol, tudo pode acontecer. Todos n\u00f3s, de certeza absoluta, j\u00e1 tivemos conquistas que pensar\u00edamos que nunca ir\u00edamos ter. Vamos lutar. Temos uma massa associativa que precisa de ver o Marinhense a lutar por este jogo\u201d, prometeu.<\/p>\n<p>Com poucos dias de prepara\u00e7\u00e3o com a equipa, Renato Sousa confessou que \u201cestes s\u00e3o daqueles jogos que s\u00e3o f\u00e1ceis de trabalhar e que qualquer equipa t\u00e9cnica gostava de apanhar, porque os jogadores est\u00e3o motivados por si\u201d.<\/p>\n<p>\u201cV\u00e3o jogar para as suas fam\u00edlias, v\u00e3o jogar para os seus amigos, v\u00e3o jogar para um clube que tem um peso enorme tamb\u00e9m a n\u00edvel de hist\u00f3ria. \u00c9 tudo muito positivo e as coisas v\u00e3o surgir naturalmente. Eles querem desfrutar do momento, sempre com a devida responsabilidade, porque temos tamb\u00e9m de respeitar o nosso s\u00edmbolo e os adeptos que tamb\u00e9m est\u00e3o a fazer for\u00e7a para que consigamos um resultado improv\u00e1vel\u201d, acrescentou.<\/p>\n<p>Renato Sousa admitiu que tudo \u00e9 \u201cmuito desafiante\u201d, mas a resposta \u00e0 proposta para assumir a equipa que milita na quarta divis\u00e3o do futebol portugu\u00eas de forma interina foi imediata.&#13;\n<\/p>\n<p>&#13;<br \/>\n<br \/>&#13;<br \/>\nO Marinhense, da S\u00e9rie C do Campeonato de Portugal, quarto escal\u00e3o nacional, entra em Alvalade, casa dos le\u00f5es a partir das 18h00, para jogar com o campe\u00e3o nacional e atual detentor da Ta\u00e7a de Portugal.\u00a0&#13;\n<\/p>\n<p>&#13;<br \/>\n(C\/Lusa)&#13;<\/p>\n","protected":false},"excerpt":{"rendered":"&#13; Tamb\u00e9m de fora da partida da quarta eliminat\u00f3ria da Ta\u00e7a de Portugal vai ficar Hjulmand, mas apenas&hellip;\n","protected":false},"author":2,"featured_media":161438,"comment_status":"","ping_status":"","sticky":false,"template":"","format":"standard","meta":{"footnotes":""},"categories":[87],"tags":[135,8411,32,33,34,134,3142],"class_list":{"0":"post-161437","1":"post","2":"type-post","3":"status-publish","4":"format-standard","5":"has-post-thumbnail","7":"category-desporto","8":"tag-desporto","9":"tag-marinhense","10":"tag-portugal","11":"tag-pt","12":"tag-sporting","13":"tag-sports","14":"tag-taca-de-portugal"},"share_on_mastodon":{"url":"https:\/\/pubeurope.com\/@pt\/115595029240466864","error":""},"_links":{"self":[{"href":"https:\/\/www.europesays.com\/pt\/wp-json\/wp\/v2\/posts\/161437","targetHints":{"allow":["GET"]}}],"collection":[{"href":"https:\/\/www.europesays.com\/pt\/wp-json\/wp\/v2\/posts"}],"about":[{"href":"https:\/\/www.europesays.com\/pt\/wp-json\/wp\/v2\/types\/post"}],"author":[{"embeddable":true,"href":"https:\/\/www.europesays.com\/pt\/wp-json\/wp\/v2\/users\/2"}],"replies":[{"embeddable":true,"href":"https:\/\/www.europesays.com\/pt\/wp-json\/wp\/v2\/comments?post=161437"}],"version-history":[{"count":0,"href":"https:\/\/www.europesays.com\/pt\/wp-json\/wp\/v2\/posts\/161437\/revisions"}],"wp:featuredmedia":[{"embeddable":true,"href":"https:\/\/www.europesays.com\/pt\/wp-json\/wp\/v2\/media\/161438"}],"wp:attachment":[{"href":"https:\/\/www.europesays.com\/pt\/wp-json\/wp\/v2\/media?parent=161437"}],"wp:term":[{"taxonomy":"category","embeddable":true,"href":"https:\/\/www.europesays.com\/pt\/wp-json\/wp\/v2\/categories?post=161437"},{"taxonomy":"post_tag","embeddable":true,"href":"https:\/\/www.europesays.com\/pt\/wp-json\/wp\/v2\/tags?post=161437"}],"curies":[{"name":"wp","href":"https:\/\/api.w.org\/{rel}","templated":true}]}}