{"id":161447,"date":"2025-11-22T19:42:12","date_gmt":"2025-11-22T19:42:12","guid":{"rendered":"https:\/\/www.europesays.com\/pt\/161447\/"},"modified":"2025-11-22T19:42:12","modified_gmt":"2025-11-22T19:42:12","slug":"hemorragia-na-mioleira-a-ser-reabsorvida-aos-poucos-nuno-markl-atualiza-estado-de-saude","status":"publish","type":"post","link":"https:\/\/www.europesays.com\/pt\/161447\/","title":{"rendered":"&#8220;Hemorragia na mioleira a ser reabsorvida aos poucos.&#8221; Nuno Markl atualiza estado de sa\u00fade"},"content":{"rendered":"<p data-remotead-prev-elm=\"true\" data-remotead-elm-id=\"inread\">O humorista e radialista Nuno Markl, que sofreu um acidente vascular cerebral (AVC) na quinta-feira, voltou a recorrer \u00e0s redes sociais para deixar a mensagem de que est\u00e1 a recuperar &#8220;devagar&#8221; e agradecer o apoio que tem recebido.<\/p>\n<p>&#8220;Bom dia! Hemorragia na mioleira a ser reabsorvida aos poucos! Isto vai. Devagar mas vai. Obrigado pelo vosso amor!&#8221;, l\u00ea-se numa publica\u00e7\u00e3o partilhada no Instagram, acompanhada de uma fotografia na cama do hospital.<\/p>\n<p>Nuno Markl n\u00e3o corre perigo de vida e est\u00e1 internado no Hospital de S\u00e3o Francisco Xavier, em Lisboa.<\/p>\n<p data-remotead-prev-elm=\"true\" data-remotead-elm-id=\"centro1\">Pelas redes sociais, s\u00e3o v\u00e1rias as partilhas e mensagens de apoio ao radialista. Destaca-se a de Bruno Nogueira que, com o sarcasmo que lhe \u00e9 conhecido, escreveu: &#8220;Nem um AVC sabe fazer como deve ser.&#8221;<\/p>\n<p>Com 54 anos, Markl sentiu-se indisposto em casa e dirigiu-se ao Hospital de Cascais, pr\u00f3ximo da sua \u00e1rea de resid\u00eancia, a Parede. Foi avaliado nesta unidade de sa\u00fade e depois transferido para o Hospital de S\u00e3o Francisco Xavier, atrav\u00e9s da Via Verde AVC, protocolo que garante resposta r\u00e1pida em situa\u00e7\u00f5es neurol\u00f3gicas cr\u00edticas, especifica o Jornal de Not\u00edcias.<\/p>\n","protected":false},"excerpt":{"rendered":"O humorista e radialista Nuno Markl, que sofreu um acidente vascular cerebral (AVC) na quinta-feira, voltou a recorrer&hellip;\n","protected":false},"author":2,"featured_media":161448,"comment_status":"","ping_status":"","sticky":false,"template":"","format":"standard","meta":{"footnotes":""},"categories":[145],"tags":[211,210,114,115,222,11435,32,33,58],"class_list":{"0":"post-161447","1":"post","2":"type-post","3":"status-publish","4":"format-standard","5":"has-post-thumbnail","7":"category-celebridades","8":"tag-celebridades","9":"tag-celebrities","10":"tag-entertainment","11":"tag-entretenimento","12":"tag-humor","13":"tag-nuno-markl","14":"tag-portugal","15":"tag-pt","16":"tag-sociedade"},"share_on_mastodon":{"url":"https:\/\/pubeurope.com\/@pt\/115595060368229802","error":""},"_links":{"self":[{"href":"https:\/\/www.europesays.com\/pt\/wp-json\/wp\/v2\/posts\/161447","targetHints":{"allow":["GET"]}}],"collection":[{"href":"https:\/\/www.europesays.com\/pt\/wp-json\/wp\/v2\/posts"}],"about":[{"href":"https:\/\/www.europesays.com\/pt\/wp-json\/wp\/v2\/types\/post"}],"author":[{"embeddable":true,"href":"https:\/\/www.europesays.com\/pt\/wp-json\/wp\/v2\/users\/2"}],"replies":[{"embeddable":true,"href":"https:\/\/www.europesays.com\/pt\/wp-json\/wp\/v2\/comments?post=161447"}],"version-history":[{"count":0,"href":"https:\/\/www.europesays.com\/pt\/wp-json\/wp\/v2\/posts\/161447\/revisions"}],"wp:featuredmedia":[{"embeddable":true,"href":"https:\/\/www.europesays.com\/pt\/wp-json\/wp\/v2\/media\/161448"}],"wp:attachment":[{"href":"https:\/\/www.europesays.com\/pt\/wp-json\/wp\/v2\/media?parent=161447"}],"wp:term":[{"taxonomy":"category","embeddable":true,"href":"https:\/\/www.europesays.com\/pt\/wp-json\/wp\/v2\/categories?post=161447"},{"taxonomy":"post_tag","embeddable":true,"href":"https:\/\/www.europesays.com\/pt\/wp-json\/wp\/v2\/tags?post=161447"}],"curies":[{"name":"wp","href":"https:\/\/api.w.org\/{rel}","templated":true}]}}