{"id":161451,"date":"2025-11-22T19:48:27","date_gmt":"2025-11-22T19:48:27","guid":{"rendered":"https:\/\/www.europesays.com\/pt\/161451\/"},"modified":"2025-11-22T19:48:27","modified_gmt":"2025-11-22T19:48:27","slug":"pesadelo-continua-para-o-campeao-nottingham-arrasa-liverpool-em-anfield","status":"publish","type":"post","link":"https:\/\/www.europesays.com\/pt\/161451\/","title":{"rendered":"Pesadelo continua para o campe\u00e3o: Nottingham arrasa Liverpool em Anfield"},"content":{"rendered":"<p>Os dias negros parecem n\u00e3o acabar em Liverpool. Em pleno relvado de Anfield, na tarde deste s\u00e1bado, o Nottingham Forest deu mais uma prova de que est\u00e1 a recuperar com Sean Dyche ao comando e afundou o atual campe\u00e3o ingl\u00eas, <a href=\"https:\/\/maisfutebol.iol.pt\/jogo\/aominuto\/13825466\" target=\"_blank\" rel=\"nofollow noopener\"><strong>com uma vit\u00f3ria por 3-0<\/strong><\/a>, em jogo da 12.\u00aa jornada da Premier League.<\/p>\n<p>Esta \u00e9 a maior vit\u00f3ria de sempre do Forest em Anfield e ilustra bem o passado recente do Liverpool: a equipa treinada por Arne Slot somou apenas tr\u00eas pontos nos \u00faltimos 21 poss\u00edveis no campeonato (uma vit\u00f3ria, seis derrotas). J\u00e1 o Nottingham soma uma in\u00e9dita segunda vit\u00f3ria seguida em 2025\/26 e sai, \u00e0 condi\u00e7\u00e3o, dos lugares de descida.<\/p>\n<p>Contra a corrente do jogo, o Nottingham chegou \u00e0 vantagem aos 32 minutos, por Murillo, num lance que ainda causa alguma pol\u00e9mica em Liverpool, que reclamou da posi\u00e7\u00e3o de Dan Ndoye.<\/p>\n<p>Depois do 1-0 na primeira parte, o Nottingham Forest dobrou a vantagem logo aos 38 segundos da segunda parte, por Nicol\u00f2 Savona, assistido por Neco Williams, na \u00e1rea.<\/p>\n<p>O pesadelo para o Liverpool foi ampliado ao minuto 78, com Morgan Gibbs-White a finalizar com \u00eaxito, em recarga a um remate de Omari Hutchinson defendido para a frente por Alisson.<\/p>\n<p>E talvez um dos sinais negativos por consequ\u00eancia &#8211; mesmo sendo algo pouco habitual mesmo quando nem tudo vai bem nos resultados &#8211; foi ver imensas cadeiras vazias ap\u00f3s o 3-0, com centenas de adeptos a abandonar o est\u00e1dio, mesmo antes do apito final.<\/p>\n<p>Numa primeira metade da classifica\u00e7\u00e3o que est\u00e1 bastante equilibrada, o Liverpool cai do oitavo para o 11.\u00ba lugar, mantendo os 18 pontos e tendo agora um saldo negativo de golos: 18-20. O Nottingham sobe do 19.\u00ba ao 16.\u00ba lugar, \u00e0 condi\u00e7\u00e3o, somando agora 12 pontos.<\/p>\n<p><strong>INGLATERRA: <a href=\"https:\/\/maisfutebol.iol.pt\/resultadoseclassificacoes\/107\/inglaterra\/premier-league\" target=\"_blank\" rel=\"nofollow noopener\">resultados e classifica\u00e7\u00e3o<\/a><\/strong><\/p>\n","protected":false},"excerpt":{"rendered":"Os dias negros parecem n\u00e3o acabar em Liverpool. Em pleno relvado de Anfield, na tarde deste s\u00e1bado, o&hellip;\n","protected":false},"author":2,"featured_media":161452,"comment_status":"","ping_status":"","sticky":false,"template":"","format":"standard","meta":{"footnotes":""},"categories":[87],"tags":[135,665,82,960,34359,46,1527,32,666,33,47,5434,134],"class_list":{"0":"post-161451","1":"post","2":"type-post","3":"status-publish","4":"format-standard","5":"has-post-thumbnail","7":"category-desporto","8":"tag-desporto","9":"tag-inglaterra","10":"tag-internacional","11":"tag-liverpool","12":"tag-liverpool-nottingham","13":"tag-maisfutebol","14":"tag-nottingham-forest","15":"tag-portugal","16":"tag-premier-league","17":"tag-pt","18":"tag-pura-paixao","19":"tag-resultados-hoje","20":"tag-sports"},"share_on_mastodon":{"url":"https:\/\/pubeurope.com\/@pt\/115595084014312118","error":""},"_links":{"self":[{"href":"https:\/\/www.europesays.com\/pt\/wp-json\/wp\/v2\/posts\/161451","targetHints":{"allow":["GET"]}}],"collection":[{"href":"https:\/\/www.europesays.com\/pt\/wp-json\/wp\/v2\/posts"}],"about":[{"href":"https:\/\/www.europesays.com\/pt\/wp-json\/wp\/v2\/types\/post"}],"author":[{"embeddable":true,"href":"https:\/\/www.europesays.com\/pt\/wp-json\/wp\/v2\/users\/2"}],"replies":[{"embeddable":true,"href":"https:\/\/www.europesays.com\/pt\/wp-json\/wp\/v2\/comments?post=161451"}],"version-history":[{"count":0,"href":"https:\/\/www.europesays.com\/pt\/wp-json\/wp\/v2\/posts\/161451\/revisions"}],"wp:featuredmedia":[{"embeddable":true,"href":"https:\/\/www.europesays.com\/pt\/wp-json\/wp\/v2\/media\/161452"}],"wp:attachment":[{"href":"https:\/\/www.europesays.com\/pt\/wp-json\/wp\/v2\/media?parent=161451"}],"wp:term":[{"taxonomy":"category","embeddable":true,"href":"https:\/\/www.europesays.com\/pt\/wp-json\/wp\/v2\/categories?post=161451"},{"taxonomy":"post_tag","embeddable":true,"href":"https:\/\/www.europesays.com\/pt\/wp-json\/wp\/v2\/tags?post=161451"}],"curies":[{"name":"wp","href":"https:\/\/api.w.org\/{rel}","templated":true}]}}