{"id":161455,"date":"2025-11-22T19:54:13","date_gmt":"2025-11-22T19:54:13","guid":{"rendered":"https:\/\/www.europesays.com\/pt\/161455\/"},"modified":"2025-11-22T19:54:13","modified_gmt":"2025-11-22T19:54:13","slug":"trump-promete-ajudar-novo-autarca-de-nova-iorque-zohran-mamdani","status":"publish","type":"post","link":"https:\/\/www.europesays.com\/pt\/161455\/","title":{"rendered":"Trump promete ajudar novo autarca de Nova Iorque Zohran Mamdani"},"content":{"rendered":"<p>        O Presidente norte-americano, Donald Trump, prometeu esta sexta-feira ajudar o autarca eleito de Nova Iorque, o democrata socialista Zohran Mamdani, a tornar a metr\u00f3pole \u201cforte e muito segura\u201d, ao receb\u00ea-lo na Casa Branca.\u00a0    <\/p>\n<p>O Presidente norte-americano, Donald Trump, prometeu esta sexta-feira ajudar o autarca eleito de Nova Iorque, o democrata socialista Zohran Mamdani, a tornar a metr\u00f3pole \u201cforte e muito segura\u201d, ao receb\u00ea-lo na Casa Branca.<\/p>\n<p class=\"text-paragraph\">Ap\u00f3s trocas de insultos durante a campanha para a presid\u00eancia da c\u00e2mara de Nova Iorque \u2013 incluindo \u201ccompleto lun\u00e1tico comunista\u201d e \u201cum maluco total\u201d da parte\u00a0de\u00a0Trump\u00a0e \u201cfascista\u201d da parte de\u00a0Mamdani\u00a0\u2013 ambos\u00a0apresentaram-se\u00a0aos jornalistas no final da reuni\u00e3o satisfeitos com os resultados \u201cprodutivos\u201d do encontro.<\/p>\n<p class=\"text-paragraph\">\u201cPenso que ter\u00e3o, espero, um grande presidente da c\u00e2mara. Quanto mais sucesso ele tiver, mais feliz eu ficarei. (\u2026) Vamos ajud\u00e1-lo a realizar o sonho de todos de ter uma Nova Iorque forte e muito segura\u201d, disse o\u00a0Presidente norte-americano.<\/p>\n<p class=\"text-paragraph\">O jovem autarca, que ganhou por uma larga margem a elei\u00e7\u00e3o no in\u00edcio do m\u00eas, \u201cfar\u00e1 um grande trabalho\u201d em Nova Iorque\u00a0e\u00a0\u201cvai surpreender algumas pessoas conservadoras, na verdade\u201d, disse\u00a0Trump.<\/p>\n<p class=\"text-paragraph\">Questionado se se sentiria confort\u00e1vel a viver na cidade sob lideran\u00e7a de\u00a0Mamdani,\u00a0Trump\u00a0n\u00e3o hesitou: \u201cCom certeza, especialmente depois da reuni\u00e3o\u201d.<\/p>\n<p class=\"text-paragraph\">\u201cEncontrei-me com um homem que quer muito que Nova Iorque volte a ser grande\u201d, adiantou, qualificando\u00a0Mamdani\u00a0de \u201cuma pessoa muito racional\u201d.<\/p>\n<p class=\"text-paragraph\">Ambos afirmaram ter discutido o acesso \u00e0 habita\u00e7\u00e3o e o custo de vida, principal tema de campanha de Mamdani e usado pelo pr\u00f3prio Trump nas presidenciais de 2024, em que derrotou a democrata Kamala Harris.<\/p>\n<p class=\"text-paragraph\">\u201cAlgumas das ideias [de Mamdani] s\u00e3o realmente as mesmas que eu tenho\u201d, disse\u00a0Trump\u00a0sobre o autarca eleito,\u00a0a prop\u00f3sito de quest\u00f5es inflacionistas.<\/p>\n<p class=\"text-paragraph\">Perante os media, ambos demonstraram mesmo alguma familiaridade, com frequentes trocas de sorrisos, v\u00e1rios apertos de m\u00e3o e\u00a0palmadas amig\u00e1veis no bra\u00e7o.<\/p>\n<p class=\"text-paragraph\">Mamdani\u00a0qualificou\u00a0o encontro com o\u00a0Presidente\u00a0republicano\u00a0de\u00a0\u201cmuito produtivo\u201d.<\/p>\n<p class=\"text-paragraph\">\u201cO que realmente aprecio no\u00a0Presidente \u00e9 que a reuni\u00e3o que tivemos n\u00e3o se concentrou nos pontos de disc\u00f3rdia, que s\u00e3o muitos, mas sim no prop\u00f3sito comum que temos de servir os nova-iorquinos\u201d, disse\u00a0Mamdani.<\/p>\n<p class=\"text-paragraph\">Trump tentou influenciar a corrida para presidente da c\u00e2mara de Nova Iorque, apoiando na v\u00e9spera das elei\u00e7\u00f5es o independente e ex-governador democrata Andrew Cuomo, prevendo que a cidade teria \u201cZERO hip\u00f3teses de sucesso, ou mesmo de sobreviv\u00eancia\u201d se Mamdani vencesse.<\/p>\n<p class=\"text-paragraph\">Questionou ainda a cidadania de\u00a0Mamdani,\u00a0mu\u00e7ulmano\u00a0que nasceu no Uganda e naturalizou-se norte-americano ap\u00f3s se ter licenciado na faculdade, e disse que o mandaria prender se cumprisse as amea\u00e7as de n\u00e3o cooperar com os agentes de imigra\u00e7\u00e3o na cidade.<\/p>\n<p>[not\u00edcia atualizada \u00e0s 16h13 para corrigir, no 7\u00ba par\u00e1grafo, o candidato democrata nas elei\u00e7\u00f5es de 2024]<\/p>\n","protected":false},"excerpt":{"rendered":"O Presidente norte-americano, Donald Trump, prometeu esta sexta-feira ajudar o autarca eleito de Nova Iorque, o democrata socialista&hellip;\n","protected":false},"author":2,"featured_media":141441,"comment_status":"","ping_status":"","sticky":false,"template":"","format":"standard","meta":{"footnotes":""},"categories":[50],"tags":[27,28,15,16,14,25,26,21,22,62,12,13,19,20,23,24,17,18,29,30,31,63,64,65],"class_list":{"0":"post-161455","1":"post","2":"type-post","3":"status-publish","4":"format-standard","5":"has-post-thumbnail","7":"category-mundo","8":"tag-breaking-news","9":"tag-breakingnews","10":"tag-featured-news","11":"tag-featurednews","12":"tag-headlines","13":"tag-latest-news","14":"tag-latestnews","15":"tag-main-news","16":"tag-mainnews","17":"tag-mundo","18":"tag-news","19":"tag-noticias","20":"tag-noticias-principais","21":"tag-noticiasprincipais","22":"tag-principais-noticias","23":"tag-principaisnoticias","24":"tag-top-stories","25":"tag-topstories","26":"tag-ultimas","27":"tag-ultimas-noticias","28":"tag-ultimasnoticias","29":"tag-world","30":"tag-world-news","31":"tag-worldnews"},"share_on_mastodon":{"url":"https:\/\/pubeurope.com\/@pt\/115595107561767779","error":""},"_links":{"self":[{"href":"https:\/\/www.europesays.com\/pt\/wp-json\/wp\/v2\/posts\/161455","targetHints":{"allow":["GET"]}}],"collection":[{"href":"https:\/\/www.europesays.com\/pt\/wp-json\/wp\/v2\/posts"}],"about":[{"href":"https:\/\/www.europesays.com\/pt\/wp-json\/wp\/v2\/types\/post"}],"author":[{"embeddable":true,"href":"https:\/\/www.europesays.com\/pt\/wp-json\/wp\/v2\/users\/2"}],"replies":[{"embeddable":true,"href":"https:\/\/www.europesays.com\/pt\/wp-json\/wp\/v2\/comments?post=161455"}],"version-history":[{"count":0,"href":"https:\/\/www.europesays.com\/pt\/wp-json\/wp\/v2\/posts\/161455\/revisions"}],"wp:featuredmedia":[{"embeddable":true,"href":"https:\/\/www.europesays.com\/pt\/wp-json\/wp\/v2\/media\/141441"}],"wp:attachment":[{"href":"https:\/\/www.europesays.com\/pt\/wp-json\/wp\/v2\/media?parent=161455"}],"wp:term":[{"taxonomy":"category","embeddable":true,"href":"https:\/\/www.europesays.com\/pt\/wp-json\/wp\/v2\/categories?post=161455"},{"taxonomy":"post_tag","embeddable":true,"href":"https:\/\/www.europesays.com\/pt\/wp-json\/wp\/v2\/tags?post=161455"}],"curies":[{"name":"wp","href":"https:\/\/api.w.org\/{rel}","templated":true}]}}