{"id":161456,"date":"2025-11-22T19:56:14","date_gmt":"2025-11-22T19:56:14","guid":{"rendered":"https:\/\/www.europesays.com\/pt\/161456\/"},"modified":"2025-11-22T19:56:14","modified_gmt":"2025-11-22T19:56:14","slug":"ps-quer-tributar-em-apenas-50-rendimentos-de-pensionistas-emigrantes-regressados","status":"publish","type":"post","link":"https:\/\/www.europesays.com\/pt\/161456\/","title":{"rendered":"PS quer tributar em apenas 50% rendimentos de pensionistas emigrantes regressados"},"content":{"rendered":"<p><strong>O PS entregou um projeto para apoiar o regresso de pensionistas emigrantes, permitindo que, durante dez anos, apenas 50% dos rendimentos de pens\u00f5es sujeitos a tributa\u00e7\u00e3o em Portugal sejam considerados para efeitos de IRS.<\/strong><\/p>\n<p>Este projeto, anunciado este s\u00e1bado,<strong> que tem incid\u00eancia nos pensionistas emigrantes e \u00e9 assinado pelo secret\u00e1rio-geral do PS, Jos\u00e9 Lu\u00eds Carneiro, e pelo l\u00edder parlamentar socialista, Eurico Brilhante Dias, <\/strong>visa introduzir uma equival\u00eancia ao que est\u00e1 previsto no regime fiscal do Programa Regressar, que abrange os rendimentos do trabalho de emigrantes regressados a Portugal.<\/p>\n<blockquote><p> &#8220;Pretende-se agora assegurar tratamento fiscal id\u00eantico para os pensionistas [emigrantes , garantindo equidade e apoiando o regresso a Portugal ap\u00f3s a vida ativa no estrangeiro. O regime aplica-se apenas \u00e0 parte das pens\u00f5es sujeitas a tributa\u00e7\u00e3o em territ\u00f3rio nacional, respeitando integralmente as conven\u00e7\u00f5es para evitar a dupla tributa\u00e7\u00e3o e o direito da Uni\u00e3o Europeia&#8221;, refere-se na exposi\u00e7\u00e3o de motivos do projeto. <\/p><\/blockquote>\n<p>Com esta medida, o PS diz que pretende a valorizar as comunidades portuguesas e apoiar a fixa\u00e7\u00e3o de popula\u00e7\u00e3o, <strong>&#8220;em especial nos territ\u00f3rios de baixa densidade, promovendo coes\u00e3o social e territorial&#8221;.<\/strong><\/p>\n<p>Se o projeto for aprovado na Assembleia da Rep\u00fablica, ser\u00e1 ent\u00e3o criado um regime fiscal de apoio ao regresso de pensionistas emigrantes <strong>&#8220;atrav\u00e9s da redu\u00e7\u00e3o da mat\u00e9ria colet\u00e1vel em 50% relativamente aos rendimentos de pens\u00f5es obtidos no estrangeiro e sujeitos a tributa\u00e7\u00e3o em Portugal&#8221;.<\/strong><\/p>\n<p>O Governo dever\u00e1 depois regulamentar, no prazo de 90 dias ap\u00f3s a sua entrada em vigor,<strong> &#8220;as condi\u00e7\u00f5es de prova e certifica\u00e7\u00e3o do estatuto de emigrante regressado&#8221;<\/strong>, bem como os procedimentos de aplica\u00e7\u00e3o do novo regime.<\/p>\n<p>No texto do projeto, especifica-se, ainda, que as altera\u00e7\u00f5es introduzidas ao C\u00f3digo de IRS, caso sejam aprovadas no parlamento, <strong>&#8220;aplicam-se aos rendimentos auferidos a partir de 1 de janeiro de 2026&#8221;.<\/strong><\/p>\n<p>Al\u00e9m de Jos\u00e9 Lu\u00eds Carneiro e Eurico Brilhante Dias, assinam este projeto os deputados do PS, Jo\u00e3o Torres, Catarina Louro, Ant\u00f3nio Mendon\u00e7a Mendes, Miguel Costa Matos, Carlos Pereira, Edite Estrela, Elza Pais, Eva Cruzeiro, Lu\u00eds Dias, Nuno Fazenda, Porf\u00edrio Silva e Rosa Isabel Cruz.<\/p>\n","protected":false},"excerpt":{"rendered":"O PS entregou um projeto para apoiar o regresso de pensionistas emigrantes, permitindo que, durante dez anos, apenas&hellip;\n","protected":false},"author":2,"featured_media":161457,"comment_status":"","ping_status":"","sticky":false,"template":"","format":"standard","meta":{"footnotes":""},"categories":[8],"tags":[27,28,15,16,14,25,26,21,22,12,13,19,20,32,23,24,33,17,18,29,30,31],"class_list":{"0":"post-161456","1":"post","2":"type-post","3":"status-publish","4":"format-standard","5":"has-post-thumbnail","7":"category-principais-noticias","8":"tag-breaking-news","9":"tag-breakingnews","10":"tag-featured-news","11":"tag-featurednews","12":"tag-headlines","13":"tag-latest-news","14":"tag-latestnews","15":"tag-main-news","16":"tag-mainnews","17":"tag-news","18":"tag-noticias","19":"tag-noticias-principais","20":"tag-noticiasprincipais","21":"tag-portugal","22":"tag-principais-noticias","23":"tag-principaisnoticias","24":"tag-pt","25":"tag-top-stories","26":"tag-topstories","27":"tag-ultimas","28":"tag-ultimas-noticias","29":"tag-ultimasnoticias"},"share_on_mastodon":{"url":"https:\/\/pubeurope.com\/@pt\/115595115568432929","error":""},"_links":{"self":[{"href":"https:\/\/www.europesays.com\/pt\/wp-json\/wp\/v2\/posts\/161456","targetHints":{"allow":["GET"]}}],"collection":[{"href":"https:\/\/www.europesays.com\/pt\/wp-json\/wp\/v2\/posts"}],"about":[{"href":"https:\/\/www.europesays.com\/pt\/wp-json\/wp\/v2\/types\/post"}],"author":[{"embeddable":true,"href":"https:\/\/www.europesays.com\/pt\/wp-json\/wp\/v2\/users\/2"}],"replies":[{"embeddable":true,"href":"https:\/\/www.europesays.com\/pt\/wp-json\/wp\/v2\/comments?post=161456"}],"version-history":[{"count":0,"href":"https:\/\/www.europesays.com\/pt\/wp-json\/wp\/v2\/posts\/161456\/revisions"}],"wp:featuredmedia":[{"embeddable":true,"href":"https:\/\/www.europesays.com\/pt\/wp-json\/wp\/v2\/media\/161457"}],"wp:attachment":[{"href":"https:\/\/www.europesays.com\/pt\/wp-json\/wp\/v2\/media?parent=161456"}],"wp:term":[{"taxonomy":"category","embeddable":true,"href":"https:\/\/www.europesays.com\/pt\/wp-json\/wp\/v2\/categories?post=161456"},{"taxonomy":"post_tag","embeddable":true,"href":"https:\/\/www.europesays.com\/pt\/wp-json\/wp\/v2\/tags?post=161456"}],"curies":[{"name":"wp","href":"https:\/\/api.w.org\/{rel}","templated":true}]}}