{"id":161458,"date":"2025-11-22T19:57:13","date_gmt":"2025-11-22T19:57:13","guid":{"rendered":"https:\/\/www.europesays.com\/pt\/161458\/"},"modified":"2025-11-22T19:57:13","modified_gmt":"2025-11-22T19:57:13","slug":"nuno-markl-volta-a-descansar-fas-isto-vai","status":"publish","type":"post","link":"https:\/\/www.europesays.com\/pt\/161458\/","title":{"rendered":"Nuno Markl volta a descansar f\u00e3s: &#8220;Isto vai!&#8221;"},"content":{"rendered":"<p>\t                &#8220;Hemorragia na mioleira a ser reabsorvida aos poucos&#8221;, escreveu, numa nova publica\u00e7\u00e3o no Instagram. <\/p>\n<p>Nuno Markl voltou este s\u00e1bado a descansar os f\u00e3s, numa publica\u00e7\u00e3o que fez no Instagram, depois do AVC (acidente vascular cerebral) que sofreu na \u00faltima quinta-feira.<\/p>\n<p>&#8220;Bom dia! Hemorragia na mioleira a ser reabsorvida aos poucos! Isto vai. Devagar mas vai. Obrigado pelo vosso amor!\u2764\ufe0f&#8221;, escreveu Nuno Markl, numa mensagem acompanhada de nova fotografia tirada na cama do Hospital de S\u00e3o Francisco Xavier, em Lisboa, onde permanece internado.\u00a0<\/p>\n<blockquote class=\"instagram-media\" data-instgrm-captioned=\"\" data-instgrm-permalink=\"https:\/\/www.instagram.com\/p\/DRWwqSiDGF4\/?utm_source=ig_embed&amp;utm_campaign=loading\" data-instgrm-version=\"14\" style=\" background:#FFF; border:0; border-radius:3px; box-shadow:0 0 1px 0 rgba(0,0,0,0.5),0 1px 10px 0 rgba(0,0,0,0.15); margin: 1px; max-width:540px; min-width:326px; padding:0; width:99.375%; width:-webkit-calc(100% - 2px); width:calc(100% - 2px);\">\n<\/blockquote>\n<p>\u00a0J\u00e1 na sextga-feira, o humorista e radialista tinha publicado uma fotografia na mesma cama de hospital, onde fez quest\u00e3o de deixar um alerta aos f\u00e3s.\u00a0<\/p>\n<p>&#8220;Estou em \u00f3ptimas m\u00e3os aqui no S\u00e3o Francisco Xavier, estou a a recuperar aos poucos e deixo uma li\u00e7\u00e3o para todos: n\u00e3o somos super-homens&#8221;, escreveu.\u00a0<br \/>\u00a0<\/p>\n<blockquote class=\"instagram-media\" data-instgrm-captioned=\"\" data-instgrm-permalink=\"https:\/\/www.instagram.com\/p\/DRUQfCpjO8R\/?utm_source=ig_embed&amp;utm_campaign=loading\" data-instgrm-version=\"14\" style=\" background:#FFF; border:0; border-radius:3px; box-shadow:0 0 1px 0 rgba(0,0,0,0.5),0 1px 10px 0 rgba(0,0,0,0.15); margin: 1px; max-width:540px; min-width:326px; padding:0; width:99.375%; width:-webkit-calc(100% - 2px); width:calc(100% - 2px);\">\n<\/blockquote>\n<p>O humorista e radialista Nuno Markl deu entrada no Hospital S\u00e3o Francisco Xavier, em Lisboa, na quinta-feira, depois de ter sido admitido no Hospital de Cascais, na sequ\u00eancia de um acidente vascular AVC.<\/p>\n<p>Personagem quase un\u00e2nime na sociedade portuguesa, Nuno Markl \u00e9 uma das pessoas com mais seguidores no pa\u00eds, tendo\u00a0<a href=\"https:\/\/www.instagram.com\/nunomarkl\/?utm_source=ig_embed\" wbo-id=\"117\" rel=\"nofollow noopener\" target=\"_blank\">um milh\u00e3o de seguidores na rede social Instagram<\/a>.<\/p>\n<p>Criador de \u201cO Homem Que Mordeu o C\u00e3o\u201d, o radialista trabalha h\u00e1 v\u00e1rios anos na R\u00e1dio Comercial, sendo companhia habitual dos portugueses que ouvem o programa da manh\u00e3.<\/p>\n<p>\t            <script async src=\"\/\/www.instagram.com\/embed.js\"><\/script><\/p>\n","protected":false},"excerpt":{"rendered":"&#8220;Hemorragia na mioleira a ser reabsorvida aos poucos&#8221;, escreveu, numa nova publica\u00e7\u00e3o no Instagram. Nuno Markl voltou este&hellip;\n","protected":false},"author":2,"featured_media":161459,"comment_status":"","ping_status":"","sticky":false,"template":"","format":"standard","meta":{"footnotes":""},"categories":[145],"tags":[609,611,1753,1493,27,211,210,470,607,608,315,3144,610,114,115,870,570,170,150,13,11435,34360,32,33,34361,941,2387,29],"class_list":{"0":"post-161458","1":"post","2":"type-post","3":"status-publish","4":"format-standard","5":"has-post-thumbnail","7":"category-celebridades","8":"tag-alerta","9":"tag-ao-minuto","10":"tag-artes","11":"tag-avc","12":"tag-breaking-news","13":"tag-celebridades","14":"tag-celebrities","15":"tag-cinema","16":"tag-cnn","17":"tag-cnn-portugal","18":"tag-cultura","19":"tag-danca","20":"tag-direto","21":"tag-entertainment","22":"tag-entretenimento","23":"tag-eventos","24":"tag-live","25":"tag-livros","26":"tag-musica","27":"tag-noticias","28":"tag-nuno-markl","29":"tag-nuno-markl-sofre-avc","30":"tag-portugal","31":"tag-pt","32":"tag-sao-francisco-xavier","33":"tag-series","34":"tag-teatro","35":"tag-ultimas"},"share_on_mastodon":{"url":"https:\/\/pubeurope.com\/@pt\/115595121341170976","error":""},"_links":{"self":[{"href":"https:\/\/www.europesays.com\/pt\/wp-json\/wp\/v2\/posts\/161458","targetHints":{"allow":["GET"]}}],"collection":[{"href":"https:\/\/www.europesays.com\/pt\/wp-json\/wp\/v2\/posts"}],"about":[{"href":"https:\/\/www.europesays.com\/pt\/wp-json\/wp\/v2\/types\/post"}],"author":[{"embeddable":true,"href":"https:\/\/www.europesays.com\/pt\/wp-json\/wp\/v2\/users\/2"}],"replies":[{"embeddable":true,"href":"https:\/\/www.europesays.com\/pt\/wp-json\/wp\/v2\/comments?post=161458"}],"version-history":[{"count":0,"href":"https:\/\/www.europesays.com\/pt\/wp-json\/wp\/v2\/posts\/161458\/revisions"}],"wp:featuredmedia":[{"embeddable":true,"href":"https:\/\/www.europesays.com\/pt\/wp-json\/wp\/v2\/media\/161459"}],"wp:attachment":[{"href":"https:\/\/www.europesays.com\/pt\/wp-json\/wp\/v2\/media?parent=161458"}],"wp:term":[{"taxonomy":"category","embeddable":true,"href":"https:\/\/www.europesays.com\/pt\/wp-json\/wp\/v2\/categories?post=161458"},{"taxonomy":"post_tag","embeddable":true,"href":"https:\/\/www.europesays.com\/pt\/wp-json\/wp\/v2\/tags?post=161458"}],"curies":[{"name":"wp","href":"https:\/\/api.w.org\/{rel}","templated":true}]}}