{"id":161462,"date":"2025-11-22T20:00:24","date_gmt":"2025-11-22T20:00:24","guid":{"rendered":"https:\/\/www.europesays.com\/pt\/161462\/"},"modified":"2025-11-22T20:00:24","modified_gmt":"2025-11-22T20:00:24","slug":"explosao-de-ternura-ruben-silvestre-e-ana-soares-partilham-primeiras-imagens-da-filha-secret-story","status":"publish","type":"post","link":"https:\/\/www.europesays.com\/pt\/161462\/","title":{"rendered":"Explos\u00e3o de ternura! Ruben Silvestre e Ana Soares partilham primeiras imagens da filha &#8211; Secret Story"},"content":{"rendered":"<p data-end=\"1322\" data-start=\"1000\"><strong>Ruben Silvestre<\/strong> e <strong>Ana Soares<\/strong> viveram um momento de grande emo\u00e7\u00e3o e decidiram partilh\u00e1-lo com quem os acompanha. O ex-concorrente do <strong><a href=\"https:\/\/tvi.iol.pt\/secretstory\/\" target=\"_blank\" rel=\"nofollow noopener\">Secret Story \u2013 Casa dos Segredos 8<\/a>\u00a0<\/strong>e a ex-participante do <a href=\"https:\/\/tvi.iol.pt\/bigbrother\/\" target=\"_blank\" rel=\"nofollow noopener\"><strong>Big Brother<\/strong><\/a>\u00a0mostraram, no Instagram, as <strong data-end=\"1266\" data-start=\"1236\">primeiras imagens da filha<\/strong>, num registo que rapidamente gerou uma onda de carinho.<\/p>\n<p data-end=\"1599\" data-start=\"1324\">A revela\u00e7\u00e3o foi feita atrav\u00e9s de um reels publicado pelo casal, onde \u00e9 poss\u00edvel ver detalhes da ecografia e a alegria com que vivem esta nova fase. \u201c<strong data-end=\"1535\" data-start=\"1473\">Ontem vimos o futuro\u2026 e tinha o rosto mais bonito do mundo<\/strong>\u201d, come\u00e7am por escrever, numa descri\u00e7\u00e3o carregada de sentimento.<\/p>\n<p data-end=\"1854\" data-start=\"1601\">O casal, que anunciou a chegada do primeiro filho no passado m\u00eas de julho, tem partilhado cada marco desta jornada. Agora, Ruben e Ana deixaram os seguidores ainda mais pr\u00f3ximos deste momento \u00fanico, assumindo-se completamente rendidos \u00e0 beb\u00e9 que a\u00ed vem.<\/p>\n<p data-end=\"2163\" data-start=\"1856\">\u201c<strong data-end=\"1951\" data-start=\"1857\">Ela \u00e9 perfeita, \u00e9 nossa, e cada segundo que passa nos aproxima do maior amor da nossa vida<\/strong>\u201d, l\u00ea-se ainda na publica\u00e7\u00e3o. Os futuros pais descrevem a emo\u00e7\u00e3o de ver \u201c<strong data-end=\"2062\" data-start=\"2024\">aqueles tra\u00e7os, aqueles movimentos<\/strong>\u201d e confessam que \u00e9 \u201c<strong data-end=\"2161\" data-start=\"2083\">imposs\u00edvel n\u00e3o imaginar o momento em que a vamos segurar pela primeira vez<\/strong>\u201d.<\/p>\n<p data-end=\"2305\" data-start=\"2165\">A mensagem termina com uma nota de ternura que j\u00e1 est\u00e1 a comover os f\u00e3s:<br data-end=\"2240\" data-start=\"2237\"\/> \u201c<strong data-end=\"2304\" data-start=\"2241\">Est\u00e1 quase, princesa. O mundo c\u00e1 fora j\u00e1 est\u00e1 \u00e0 tua espera.<\/strong>\u201d<\/p>\n<p>Veja o v\u00eddeo aqui: <\/p>\n<p data-end=\"2461\" data-start=\"2307\">\u00a0<\/p>\n","protected":false},"excerpt":{"rendered":"Ruben Silvestre e Ana Soares viveram um momento de grande emo\u00e7\u00e3o e decidiram partilh\u00e1-lo com quem os acompanha.&hellip;\n","protected":false},"author":2,"featured_media":161463,"comment_status":"","ping_status":"","sticky":false,"template":"","format":"standard","meta":{"footnotes":""},"categories":[142],"tags":[10715,18706,114,115,18705,32,33,10714,151,18704],"class_list":{"0":"post-161462","1":"post","2":"type-post","3":"status-publish","4":"format-standard","5":"has-post-thumbnail","7":"category-tv","8":"tag-ana-soares","9":"tag-bastidores-secret-story","10":"tag-entertainment","11":"tag-entretenimento","12":"tag-entrevistas-concorrentes-tvi","13":"tag-portugal","14":"tag-pt","15":"tag-ruben-silvestre","16":"tag-tv","17":"tag-vida-fora-da-casa"},"share_on_mastodon":{"url":"https:\/\/pubeurope.com\/@pt\/115595131185389245","error":""},"_links":{"self":[{"href":"https:\/\/www.europesays.com\/pt\/wp-json\/wp\/v2\/posts\/161462","targetHints":{"allow":["GET"]}}],"collection":[{"href":"https:\/\/www.europesays.com\/pt\/wp-json\/wp\/v2\/posts"}],"about":[{"href":"https:\/\/www.europesays.com\/pt\/wp-json\/wp\/v2\/types\/post"}],"author":[{"embeddable":true,"href":"https:\/\/www.europesays.com\/pt\/wp-json\/wp\/v2\/users\/2"}],"replies":[{"embeddable":true,"href":"https:\/\/www.europesays.com\/pt\/wp-json\/wp\/v2\/comments?post=161462"}],"version-history":[{"count":0,"href":"https:\/\/www.europesays.com\/pt\/wp-json\/wp\/v2\/posts\/161462\/revisions"}],"wp:featuredmedia":[{"embeddable":true,"href":"https:\/\/www.europesays.com\/pt\/wp-json\/wp\/v2\/media\/161463"}],"wp:attachment":[{"href":"https:\/\/www.europesays.com\/pt\/wp-json\/wp\/v2\/media?parent=161462"}],"wp:term":[{"taxonomy":"category","embeddable":true,"href":"https:\/\/www.europesays.com\/pt\/wp-json\/wp\/v2\/categories?post=161462"},{"taxonomy":"post_tag","embeddable":true,"href":"https:\/\/www.europesays.com\/pt\/wp-json\/wp\/v2\/tags?post=161462"}],"curies":[{"name":"wp","href":"https:\/\/api.w.org\/{rel}","templated":true}]}}