{"id":161464,"date":"2025-11-22T20:03:19","date_gmt":"2025-11-22T20:03:19","guid":{"rendered":"https:\/\/www.europesays.com\/pt\/161464\/"},"modified":"2025-11-22T20:03:19","modified_gmt":"2025-11-22T20:03:19","slug":"barcelona-esmaga-athletic-no-regresso-a-camp-nou","status":"publish","type":"post","link":"https:\/\/www.europesays.com\/pt\/161464\/","title":{"rendered":"Barcelona esmaga Athletic no regresso a Camp Nou"},"content":{"rendered":"<p>A espera do <a class=\"autolink-enabled\" data-resource-id=\"205\" data-resource-type=\"team\" data-sport=\"football\" href=\"https:\/\/www.abola.pt\/futebol\/barcelona-205\" rel=\"nofollow noopener\" target=\"_blank\">Barcelona<\/a> terminou em grande estilo. Os blaugrana dificilmente podiam ter pedido melhor regresso ao renovado Camp Nou, depois de dois anos e meio de avan\u00e7os e recuos nas obras de melhoramento do m\u00edtico recinto.<\/p>\n<p>O <a target=\"_blank\" class=\"editor-link autolink-enabled\" href=\"https:\/\/www.abola.pt\/futebol\/athletic-bilbao-198\" data-resource-id=\"198\" data-resource-type=\"team\" data-sport=\"football\" rel=\"nofollow noopener\">Athletic<\/a> Bilbao foi o advers\u00e1rio dos blaugrana no regresso a casa, ainda com limita\u00e7\u00f5es de lota\u00e7\u00e3o, e regressou ao Pa\u00eds Basco com uma goleada sofrida (0-4) na mala. 45 mil espectadores viram <a target=\"_blank\" class=\"editor-link autolink-enabled\" href=\"https:\/\/www.abola.pt\/futebol\/jogador\/robert-lewandowski-4116\" data-resource-id=\"4116\" data-resource-type=\"player\" data-sport=\"football\" rel=\"nofollow noopener\">Robert Lewandowski<\/a> recuperar a bola no \u00faltimo ter\u00e7o dos bascos e inaugurar o marcador, logo aos 4&#8242;.<\/p>\n<p>A defesa do advers\u00e1rio do <a target=\"_blank\" class=\"editor-link autolink-enabled\" href=\"https:\/\/www.abola.pt\/futebol\/sporting-448\" data-resource-id=\"448\" data-resource-type=\"team\" data-sport=\"football\" rel=\"nofollow noopener\">Sporting<\/a> na \u00faltima jornada da fase de liga da <a target=\"_blank\" class=\"editor-link autolink-enabled\" href=\"https:\/\/www.abola.pt\/futebol\/competicao\/uefa-champions-league-27\" data-resource-id=\"27\" data-resource-type=\"competition\" data-sport=\"football\" rel=\"nofollow noopener\">UEFA Champions League<\/a> facilitou e os blaugrana n\u00e3o perdoaram. <a target=\"_blank\" class=\"editor-link autolink-enabled\" href=\"https:\/\/www.abola.pt\/futebol\/jogador\/ferran-jutgla-216128\" data-resource-id=\"216128\" data-resource-type=\"player\" data-sport=\"football\" rel=\"nofollow noopener\">Ferran<\/a> <a target=\"_blank\" class=\"editor-link autolink-enabled\" href=\"https:\/\/www.abola.pt\/futebol\/jogador\/ferran-torres-184865\" data-resource-id=\"184865\" data-resource-type=\"player\" data-sport=\"football\" rel=\"nofollow noopener\">Torres<\/a> colocou a bola no fundo das redes do <a target=\"_blank\" class=\"editor-link autolink-enabled\" href=\"https:\/\/www.abola.pt\/futebol\/athletic-bilbao-198\" data-resource-id=\"198\" data-resource-type=\"team\" data-sport=\"football\" rel=\"nofollow noopener\">Athletic<\/a> aos 24&#8242;, mas foi apanhado nas malhas do fora de jogo.<\/p>\n<p>O internacional espanhol estava endiabrado e em cima do intervalo alargou mesmo a vantagem blaugrana. <a target=\"_blank\" class=\"editor-link autolink-enabled\" href=\"https:\/\/www.abola.pt\/futebol\/jogador\/lamine-yamal-278302\" data-resource-id=\"278302\" data-resource-type=\"player\" data-sport=\"football\" rel=\"nofollow noopener\">Lamine Yamal<\/a> isolou <a target=\"_blank\" class=\"editor-link autolink-enabled\" href=\"https:\/\/www.abola.pt\/futebol\/jogador\/ferran-jutgla-216128\" data-resource-id=\"216128\" data-resource-type=\"player\" data-sport=\"football\" rel=\"nofollow noopener\">Ferran<\/a> com um passe de trivela delicioso, <a target=\"_blank\" class=\"editor-link autolink-enabled\" href=\"https:\/\/www.abola.pt\/futebol\/jogador\/unai-simon-54842\" data-resource-id=\"54842\" data-resource-type=\"player\" data-sport=\"football\" rel=\"nofollow noopener\">Unai Sim\u00f3n<\/a> facilitou e o <a target=\"_blank\" class=\"editor-link autolink-enabled\" href=\"https:\/\/www.abola.pt\/futebol\/barcelona-205\" data-resource-id=\"205\" data-resource-type=\"team\" data-sport=\"football\" rel=\"nofollow noopener\">Barcelona<\/a> saiu para o descanso a vencer por 2-0.<\/p>\n<p>Na segunda parte, tocou a mesma m\u00fasica: os cul\u00e9s espalhavam qualidade t\u00e9cnica e o <a target=\"_blank\" class=\"editor-link autolink-enabled\" href=\"https:\/\/www.abola.pt\/futebol\/athletic-bilbao-198\" data-resource-id=\"198\" data-resource-type=\"team\" data-sport=\"football\" rel=\"nofollow noopener\">Athletic<\/a> via jogar. <a target=\"_blank\" class=\"editor-link autolink-enabled\" href=\"https:\/\/www.abola.pt\/futebol\/jogador\/eric-garcia-194437\" data-resource-id=\"194437\" data-resource-type=\"player\" data-sport=\"football\" rel=\"nofollow noopener\">Eric Garc\u00eda<\/a> aproveitou tamanha apatia advers\u00e1ria para se aventurar no \u00faltimo ter\u00e7o basco, trocou a bola com <a target=\"_blank\" class=\"editor-link autolink-enabled\" href=\"https:\/\/www.abola.pt\/futebol\/jogador\/ferran-jutgla-216128\" data-resource-id=\"216128\" data-resource-type=\"player\" data-sport=\"football\" rel=\"nofollow noopener\">Ferran<\/a> e colocou <a target=\"_blank\" class=\"editor-link autolink-enabled\" href=\"https:\/\/www.abola.pt\/futebol\/jogador\/fermin-lopez-265490\" data-resource-id=\"265490\" data-resource-type=\"player\" data-sport=\"football\" rel=\"nofollow noopener\">Ferm\u00edn<\/a> na cara do terceiro golo.<\/p>\n<p>O extremo de 22 anos n\u00e3o tremeu na cara de <a class=\"autolink-enabled\" data-resource-id=\"54842\" data-resource-type=\"player\" data-sport=\"football\" href=\"https:\/\/www.abola.pt\/futebol\/jogador\/unai-simon-54842\" rel=\"nofollow noopener\" target=\"_blank\">Unai Sim\u00f3n<\/a> e rubricou o s\u00e9timo golo na temporada. O 3-0 provocou a derrocada emocional do <a class=\"autolink-enabled\" data-resource-id=\"198\" data-resource-type=\"team\" data-sport=\"football\" href=\"https:\/\/www.abola.pt\/futebol\/athletic-bilbao-198\" rel=\"nofollow noopener\" target=\"_blank\">Athletic<\/a> que ficou reduzido a dez elementos, ap\u00f3s <a class=\"autolink-enabled\" data-resource-id=\"196228\" data-resource-type=\"player\" data-sport=\"football\" href=\"https:\/\/www.abola.pt\/futebol\/jogador\/oihan-sancet-196228\" rel=\"nofollow noopener\" target=\"_blank\">Sancet<\/a> receber ordem de expuls\u00e3o por pontapear <a class=\"autolink-enabled\" data-resource-id=\"278302\" data-resource-type=\"player\" data-sport=\"football\" href=\"https:\/\/www.abola.pt\/futebol\/jogador\/lamine-yamal-278302\" rel=\"nofollow noopener\" target=\"_blank\">Lamine Yamal<\/a>, aos 54&#8242;.<\/p>\n<p>O resultado confort\u00e1vel permitiu que Hansi Flick gerisse os pesos pesados, j\u00e1 a pensar na desloca\u00e7\u00e3o ao terreno do <a target=\"_blank\" class=\"editor-link autolink-enabled\" href=\"https:\/\/www.abola.pt\/futebol\/chelsea-82\" data-resource-id=\"82\" data-resource-type=\"team\" data-sport=\"football\" rel=\"nofollow noopener\">Chelsea<\/a>, na ter\u00e7a-feira, na <a target=\"_blank\" class=\"editor-link autolink-enabled\" href=\"https:\/\/www.abola.pt\/futebol\/competicao\/uefa-champions-league-27\" data-resource-id=\"27\" data-resource-type=\"competition\" data-sport=\"football\" rel=\"nofollow noopener\">UEFA Champions League<\/a>. <a target=\"_blank\" class=\"editor-link autolink-enabled\" href=\"https:\/\/www.abola.pt\/futebol\/jogador\/raphinha-8824\" data-resource-id=\"8824\" data-resource-type=\"player\" data-sport=\"football\" rel=\"nofollow noopener\">Raphinha<\/a> regressou aos convocados pela primeira vez desde setembro, mas n\u00e3o saiu do banco de suplentes.<\/p>\n<p>Mesmo em velocidade cruzeiro, o Barcelona chegou ao 4-0 em cima do apito final: <a target=\"_blank\" class=\"editor-link autolink-enabled\" href=\"https:\/\/www.abola.pt\/futebol\/jogador\/lamine-yamal-278302\" data-resource-id=\"278302\" data-resource-type=\"player\" data-sport=\"football\" rel=\"nofollow noopener\">Lamine Yamal<\/a> partiu a defesa advers\u00e1ria ao meio e ofereceu o bis a <a target=\"_blank\" class=\"editor-link autolink-enabled\" href=\"https:\/\/www.abola.pt\/futebol\/jogador\/ferran-jutgla-216128\" data-resource-id=\"216128\" data-resource-type=\"player\" data-sport=\"football\" rel=\"nofollow noopener\">Ferran<\/a> <a target=\"_blank\" class=\"editor-link autolink-enabled\" href=\"https:\/\/www.abola.pt\/futebol\/jogador\/ferran-torres-184865\" data-resource-id=\"184865\" data-resource-type=\"player\" data-sport=\"football\" rel=\"nofollow noopener\">Torres<\/a> numa bandeja de prata, aos 90+2&#8242;.<\/p>\n<p>                            Fechar<\/p>\n<p>                                                    <img decoding=\"async\" class=\"h-full w-full max-w-[1180px] select-none rounded-t object-contain object-center\" src=\"https:\/\/www.europesays.com\/pt\/wp-content\/uploads\/2025\/11\/d4ec6249-6cf7-4cfd-b659-d5afc22ba25d.webp.webp\" alt=\"\" x-show=\"imageGalleryOpened &amp;&amp; imageGalleryImageIndex == 1\"\/><\/p>\n<p>                                                    <img decoding=\"async\" class=\"h-full w-full max-w-[1180px] select-none rounded-t object-contain object-center\" src=\"https:\/\/www.europesays.com\/pt\/wp-content\/uploads\/2025\/11\/2d049875-825d-4e91-89d6-25ff30c89842.webp.webp\" alt=\"\" x-show=\"imageGalleryOpened &amp;&amp; imageGalleryImageIndex == 2\"\/><\/p>\n<p>                                        \/ 9<\/p>\n<p>                                        Barcelona partilhou imagens de como o est\u00e1dio &#8216;passou a noite&#8217;. Foto FC Barcelona<\/p>\n<p>                                                    <img decoding=\"async\" class=\"h-full w-full max-w-[1180px] select-none rounded-t object-contain object-center\" src=\"https:\/\/www.europesays.com\/pt\/wp-content\/uploads\/2025\/11\/4e7a6f19-aa95-442f-9f62-7f45ac59ba17.webp.webp\" alt=\"Barcelona partilhou imagens de como o est\u00e1dio 'passou a noite'. Foto FC Barcelona\" x-show=\"imageGalleryOpened &amp;&amp; imageGalleryImageIndex == 3\"\/><\/p>\n<p>                                        \/ 9<\/p>\n<p>                                        Barcelona partilhou imagens de como o est\u00e1dio &#8216;passou a noite&#8217;. Foto FC Barcelona<\/p>\n<p>                                                    <img decoding=\"async\" class=\"h-full w-full max-w-[1180px] select-none rounded-t object-contain object-center\" src=\"https:\/\/www.europesays.com\/pt\/wp-content\/uploads\/2025\/11\/47477118-afa1-4b31-9e15-3788fe934718.webp.webp\" alt=\"\" x-show=\"imageGalleryOpened &amp;&amp; imageGalleryImageIndex == 4\"\/><\/p>\n<p>                                        \/ 9<\/p>\n<p>                                        Barcelona partilhou imagens de como o est\u00e1dio &#8216;passou a noite&#8217;. Foto FC Barcelona<\/p>\n<p>                                                    <img decoding=\"async\" class=\"h-full w-full max-w-[1180px] select-none rounded-t object-contain object-center\" src=\"https:\/\/www.europesays.com\/pt\/wp-content\/uploads\/2025\/11\/b10e2f9f-8ee8-40ec-9313-3946b3c34a4c.jpg\" alt=\"\" x-show=\"imageGalleryOpened &amp;&amp; imageGalleryImageIndex == 5\"\/><\/p>\n<p>                                        \/ 9<\/p>\n<p>                                        Barcelona partilhou imagens de como o est\u00e1dio &#8216;passou a noite&#8217;. Foto FC Barcelona<\/p>\n<p>                                                    <img decoding=\"async\" class=\"h-full w-full max-w-[1180px] select-none rounded-t object-contain object-center\" src=\"https:\/\/www.europesays.com\/pt\/wp-content\/uploads\/2025\/11\/e5271739-a083-414d-94a6-1c37a18f7c0f.webp.webp\" alt=\"\" x-show=\"imageGalleryOpened &amp;&amp; imageGalleryImageIndex == 6\"\/><\/p>\n<p>                                        \/ 9<\/p>\n<p>                                        Camisola para o jogo com o Athletic Bilbao com inscri\u00e7\u00e3o especial sobre o \u00abregresso a casa\u00bb. Foto FC Barcelona<\/p>\n<p>                                                    <img decoding=\"async\" class=\"h-full w-full max-w-[1180px] select-none rounded-t object-contain object-center\" src=\"https:\/\/www.europesays.com\/pt\/wp-content\/uploads\/2025\/11\/eb03824b-9a25-46e2-90eb-44d2fc69f581.jpg\" alt=\"\" x-show=\"imageGalleryOpened &amp;&amp; imageGalleryImageIndex == 7\"\/><\/p>\n<p>                                        \/ 9<\/p>\n<p>                                        Camisola para o jogo com o Athletic Bilbao com inscri\u00e7\u00e3o especial sobre o \u00abregresso a casa\u00bb. Foto FC Barcelona<\/p>\n<p>                                                    <img decoding=\"async\" class=\"h-full w-full max-w-[1180px] select-none rounded-t object-contain object-center\" src=\"https:\/\/www.europesays.com\/pt\/wp-content\/uploads\/2025\/11\/1b440382-6a7b-49c5-b178-21460da01eab.jpg\" alt=\"\" x-show=\"imageGalleryOpened &amp;&amp; imageGalleryImageIndex == 8\"\/><\/p>\n<p>                                        \/ 9<\/p>\n<p>                                        Obras prosseguem no terceiro anel e no exterior \u2014 ocupa\u00e7\u00e3o hoje ser\u00e1 apenas de 45401 lugares. Foto FC Barcelona<\/p>\n<p>                                                    <img decoding=\"async\" class=\"h-full w-full max-w-[1180px] select-none rounded-t object-contain object-center\" src=\"https:\/\/www.europesays.com\/pt\/wp-content\/uploads\/2025\/11\/ba79d0b6-02b6-4e87-a604-def86e1ff0af.webp.webp\" alt=\"\" x-show=\"imageGalleryOpened &amp;&amp; imageGalleryImageIndex == 9\"\/><\/p>\n<p>                                        \/ 9<\/p>\n<p>                                        Novos acessos. Foto FC Barcelona<\/p>\n<p>            Galeria de imagens<\/p>\n<p>            9 Fotos<\/p>\n<p>Fogos de artif\u00edcio pontuaram o final da partida e o regresso do <a class=\"autolink-enabled\" data-resource-id=\"205\" data-resource-type=\"team\" data-sport=\"football\" href=\"https:\/\/www.abola.pt\/futebol\/barcelona-205\" rel=\"nofollow noopener\" target=\"_blank\">Barcelona<\/a> \u00e0 lideran\u00e7a da <a class=\"autolink-enabled\" data-resource-id=\"5\" data-resource-type=\"competition\" data-sport=\"football\" href=\"https:\/\/www.abola.pt\/futebol\/competicao\/laliga-5\" rel=\"nofollow noopener\" target=\"_blank\">LaLiga<\/a>, com os mesmos 31 pontos do <a class=\"autolink-enabled\" data-resource-id=\"204\" data-resource-type=\"team\" data-sport=\"football\" href=\"https:\/\/www.abola.pt\/futebol\/real-madrid-204\" rel=\"nofollow noopener\" target=\"_blank\">Real Madrid<\/a>, que defronta o <a class=\"autolink-enabled\" data-resource-id=\"213\" data-resource-type=\"team\" data-sport=\"football\" href=\"https:\/\/www.abola.pt\/futebol\/elche-213\" rel=\"nofollow noopener\" target=\"_blank\">Elche<\/a> no domingo.<\/p>\n<p><a target=\"_blank\" class=\"editor-link\" href=\"https:\/\/profile.google.com\/cp\/CgkvbS8wNWNjOHQ?pf=0\" rel=\"nofollow noopener\">Siga o perfil de A BOLA no Google<\/a><\/p>\n","protected":false},"excerpt":{"rendered":"A espera do Barcelona terminou em grande estilo. Os blaugrana dificilmente podiam ter pedido melhor regresso ao renovado&hellip;\n","protected":false},"author":2,"featured_media":161465,"comment_status":"","ping_status":"","sticky":false,"template":"","format":"standard","meta":{"footnotes":""},"categories":[87],"tags":[135,32,33,134],"class_list":{"0":"post-161464","1":"post","2":"type-post","3":"status-publish","4":"format-standard","5":"has-post-thumbnail","7":"category-desporto","8":"tag-desporto","9":"tag-portugal","10":"tag-pt","11":"tag-sports"},"share_on_mastodon":{"url":"https:\/\/pubeurope.com\/@pt\/115595143468509058","error":""},"_links":{"self":[{"href":"https:\/\/www.europesays.com\/pt\/wp-json\/wp\/v2\/posts\/161464","targetHints":{"allow":["GET"]}}],"collection":[{"href":"https:\/\/www.europesays.com\/pt\/wp-json\/wp\/v2\/posts"}],"about":[{"href":"https:\/\/www.europesays.com\/pt\/wp-json\/wp\/v2\/types\/post"}],"author":[{"embeddable":true,"href":"https:\/\/www.europesays.com\/pt\/wp-json\/wp\/v2\/users\/2"}],"replies":[{"embeddable":true,"href":"https:\/\/www.europesays.com\/pt\/wp-json\/wp\/v2\/comments?post=161464"}],"version-history":[{"count":0,"href":"https:\/\/www.europesays.com\/pt\/wp-json\/wp\/v2\/posts\/161464\/revisions"}],"wp:featuredmedia":[{"embeddable":true,"href":"https:\/\/www.europesays.com\/pt\/wp-json\/wp\/v2\/media\/161465"}],"wp:attachment":[{"href":"https:\/\/www.europesays.com\/pt\/wp-json\/wp\/v2\/media?parent=161464"}],"wp:term":[{"taxonomy":"category","embeddable":true,"href":"https:\/\/www.europesays.com\/pt\/wp-json\/wp\/v2\/categories?post=161464"},{"taxonomy":"post_tag","embeddable":true,"href":"https:\/\/www.europesays.com\/pt\/wp-json\/wp\/v2\/tags?post=161464"}],"curies":[{"name":"wp","href":"https:\/\/api.w.org\/{rel}","templated":true}]}}