{"id":161466,"date":"2025-11-22T20:07:46","date_gmt":"2025-11-22T20:07:46","guid":{"rendered":"https:\/\/www.europesays.com\/pt\/161466\/"},"modified":"2025-11-22T20:07:46","modified_gmt":"2025-11-22T20:07:46","slug":"parlamento-aprova-descida-do-irs-do-2-o-ao-5-o-escaloes-para-2026","status":"publish","type":"post","link":"https:\/\/www.europesays.com\/pt\/161466\/","title":{"rendered":"Parlamento aprova descida do IRS do 2.\u00ba ao 5.\u00ba escal\u00f5es para 2026"},"content":{"rendered":"<p>        O desagravamento contou com os votos a favor das bancadas do PSD, CDS-PP, Chega, IL e Livre, com o voto contra do PCP e com a absten\u00e7\u00e3o do PS e BE.    <\/p>\n<p>O primeiro-ministro, Luis Montenegro, usa da palavra durante o debate do Estado da Na\u00e7\u00e3o, na Assembleia da Rep\u00fablica, em Lisboa, 17 de julho de 2025. JOS\u00c9 SENA GOUL\u00c3O\/LUSA<\/p>\n<p>O parlamento aprovou esta quinta-feira, na especialidade, a redu\u00e7\u00e3o das taxas do 2.\u00ba ao 5.\u00ba escal\u00f5es de IRS no pr\u00f3ximo ano, sem altera\u00e7\u00f5es em rela\u00e7\u00e3o \u00e0 iniciativa original da proposta de Or\u00e7amento do Estado para 2026 (OE2026).<\/p>\n<p>O desagravamento contou com os votos a favor das bancadas do PSD, CDS-PP, Chega, IL e Livre, com o voto contra do PCP e com a absten\u00e7\u00e3o do PS e BE.<\/p>\n<p>A taxa do 1.\u00ba escal\u00e3o n\u00e3o sofre altera\u00e7\u00f5es, mantendo-se nos atuais 12,5%. A taxa do 2.\u00ba degrau passa dos atuais 16% para 15,7%, a do 3.\u00ba baixa de 21,5% para 21,2%, no 4.\u00ba degrau h\u00e1 um desagravamento da taxa de 24,4% para 24,1% e, por \u00faltimo, a taxa da 5.\u00aa fatia de rendimento passa de 31,4% para 31,1%.<\/p>\n","protected":false},"excerpt":{"rendered":"O desagravamento contou com os votos a favor das bancadas do PSD, CDS-PP, Chega, IL e Livre, com&hellip;\n","protected":false},"author":2,"featured_media":161467,"comment_status":"","ping_status":"","sticky":false,"template":"","format":"standard","meta":{"footnotes":""},"categories":[83],"tags":[88,89,90,25282,32,33],"class_list":{"0":"post-161466","1":"post","2":"type-post","3":"status-publish","4":"format-standard","5":"has-post-thumbnail","7":"category-empresas","8":"tag-business","9":"tag-economy","10":"tag-empresas","11":"tag-oe-2026","12":"tag-portugal","13":"tag-pt"},"share_on_mastodon":{"url":"https:\/\/pubeurope.com\/@pt\/115595162876277536","error":""},"_links":{"self":[{"href":"https:\/\/www.europesays.com\/pt\/wp-json\/wp\/v2\/posts\/161466","targetHints":{"allow":["GET"]}}],"collection":[{"href":"https:\/\/www.europesays.com\/pt\/wp-json\/wp\/v2\/posts"}],"about":[{"href":"https:\/\/www.europesays.com\/pt\/wp-json\/wp\/v2\/types\/post"}],"author":[{"embeddable":true,"href":"https:\/\/www.europesays.com\/pt\/wp-json\/wp\/v2\/users\/2"}],"replies":[{"embeddable":true,"href":"https:\/\/www.europesays.com\/pt\/wp-json\/wp\/v2\/comments?post=161466"}],"version-history":[{"count":0,"href":"https:\/\/www.europesays.com\/pt\/wp-json\/wp\/v2\/posts\/161466\/revisions"}],"wp:featuredmedia":[{"embeddable":true,"href":"https:\/\/www.europesays.com\/pt\/wp-json\/wp\/v2\/media\/161467"}],"wp:attachment":[{"href":"https:\/\/www.europesays.com\/pt\/wp-json\/wp\/v2\/media?parent=161466"}],"wp:term":[{"taxonomy":"category","embeddable":true,"href":"https:\/\/www.europesays.com\/pt\/wp-json\/wp\/v2\/categories?post=161466"},{"taxonomy":"post_tag","embeddable":true,"href":"https:\/\/www.europesays.com\/pt\/wp-json\/wp\/v2\/tags?post=161466"}],"curies":[{"name":"wp","href":"https:\/\/api.w.org\/{rel}","templated":true}]}}