{"id":161470,"date":"2025-11-22T20:12:36","date_gmt":"2025-11-22T20:12:36","guid":{"rendered":"https:\/\/www.europesays.com\/pt\/161470\/"},"modified":"2025-11-22T20:12:36","modified_gmt":"2025-11-22T20:12:36","slug":"mclaren-lidera-ritmo-e-disputa-pela-pole-pega-fogo-em-las-vegas","status":"publish","type":"post","link":"https:\/\/www.europesays.com\/pt\/161470\/","title":{"rendered":"McLaren lidera ritmo e disputa pela pole pega fogo em Las Vegas"},"content":{"rendered":"<p>A F\u00f3rmula 1 abriu a quinta-feira em Las Vegas com sinais claros de que a batalha pela pole position ser\u00e1 uma das mais acirradas da temporada. O TL2 mostrou uma McLaren veloz e consistente, especialmente com Lando Norris, que liderou a sess\u00e3o e colocou a equipe no centro das aten\u00e7\u00f5es. A an\u00e1lise dos tempos, dos pneus macios e do ritmo de tandas curtas indica que pelo menos quatro equipes podem lutar pela primeira fila no GP de Las Vegas 2025.<\/p>\n<p>A McLaren nunca passou do sexto lugar em classifica\u00e7\u00e3o ou corrida nas duas edi\u00e7\u00f5es anteriores do GP de Las Vegas, mas o cen\u00e1rio \u00e9 completamente diferente em 2025. Norris foi o mais r\u00e1pido no TL2, mesmo com parte dos rivais impedida de registrar voltas limpas por causa da bandeira vermelha. O brit\u00e2nico destacou que o carro est\u00e1 em um n\u00edvel muito melhor do que no ano anterior, e a telemetria refor\u00e7a essa sensa\u00e7\u00e3o. Os dados indicam que a McLaren lidera o ritmo de volta \u00fanica, apenas 0s01 \u00e0 frente da Red Bull e 0s04 da Ferrari, um salto consider\u00e1vel em rela\u00e7\u00e3o ao desempenho apagado das edi\u00e7\u00f5es anteriores.<\/p>\n<p>Oscar Piastri, que conseguiu apenas duas voltas representativas no TL2 por causa da paralisa\u00e7\u00e3o, tamb\u00e9m refor\u00e7ou que o MCL39 mostra potencial. Mesmo sem ter uma leitura completa do ritmo em stint longo, o australiano afirmou que h\u00e1 \u201ccoisas positivas por toda parte\u201d e que ainda h\u00e1 margem para evolu\u00e7\u00e3o at\u00e9 a classifica\u00e7\u00e3o.<\/p>\n<p>A Red Bull aparece fort\u00edssima no ritmo de quinta-feira. Yuki Tsunoda viveu seu melhor in\u00edcio de fim de semana no ano, igualando o tempo de Max Verstappen com pneus m\u00e9dios no TL1 e superando o tricampe\u00e3o nos macios antes da bandeira vermelha do TL2. A dupla demonstrou equil\u00edbrio no carro, o que sugere uma noite de ajustes leves em vez de mudan\u00e7as profundas. Se Tsunoda mantiver o n\u00edvel apresentado, a Red Bull poder\u00e1 entrar na classifica\u00e7\u00e3o com dois carros brigando pela primeira fila, algo importante para a luta pelo vice-campeonato entre as equipes.<\/p>\n<p><img fetchpriority=\"high\" decoding=\"async\" src=\"https:\/\/www.europesays.com\/pt\/wp-content\/uploads\/2025\/11\/G6PU9rhacAAWSmX.jpg\" alt=\"F1: McLaren lidera ritmo e disputa pela pole pega fogo em Las Vegas\" width=\"2048\" height=\"1152\" class=\"size-full wp-image-523631\" title=\"F1: McLaren lidera ritmo e disputa pela pole pega fogo em Las Vegas\"  \/>Foto: Red Bull<\/p>\n<p>Tsunoda destacou que o pelot\u00e3o est\u00e1 extremamente apertado, mencionando quatro equipes no mesmo ritmo, e afirmou ter confian\u00e7a em encontrar mais velocidade at\u00e9 a classifica\u00e7\u00e3o. A equipe acredita que, com boas simula\u00e7\u00f5es de corrida, pode somar pontos importantes para equilibrar a disputa com rivais diretos.<\/p>\n<p>A Ferrari tamb\u00e9m mostrou for\u00e7a, como j\u00e1 havia feito nas duas primeiras edi\u00e7\u00f5es do GP de Las Vegas. Charles Leclerc liderou o TL1 e refor\u00e7ou que o SF-25 est\u00e1 em um bom ponto de equil\u00edbrio para o fim de semana, apesar do rev\u00e9s do GP de S\u00e3o Paulo. Lewis Hamilton tamb\u00e9m teve desempenho s\u00f3lido, embora n\u00e3o tenha conseguido registrar sua volta com pneus macios no TL2 por causa da bandeira vermelha. Leclerc afirmou que McLaren, Red Bull e Mercedes est\u00e3o \u201cclaramente no p\u00e1reo\u201d, prevendo uma classifica\u00e7\u00e3o muito disputada.<\/p>\n<p>Mercedes completa o grupo das quatro for\u00e7as do fim de semana. Mesmo ap\u00f3s minimizar expectativas, a equipe brilhou nos long runs. Kimi Antonelli foi o principal destaque, repetindo a forte sequ\u00eancia de Grandes Pr\u00eamios anteriores. A an\u00e1lise de setor mostra que a Mercedes \u00e9 a mais r\u00e1pida nas curvas lentas, mas perde tempo nas retas, o que coloca a equipe cerca de 0s12 atr\u00e1s da McLaren em simula\u00e7\u00f5es de volta r\u00e1pida.<\/p>\n<p><img loading=\"lazy\" decoding=\"async\" src=\"https:\/\/www.europesays.com\/pt\/wp-content\/uploads\/2025\/11\/G6PWqkVXoAAODiY-scaled.jpg\" alt=\"F1: McLaren lidera ritmo e disputa pela pole pega fogo em Las Vegas\" width=\"2560\" height=\"1707\" class=\"size-full wp-image-523630\" title=\"F1: McLaren lidera ritmo e disputa pela pole pega fogo em Las Vegas\"  \/>Foto: Mercedes<\/p>\n<p>Andrew Shovlin revelou que George Russell tinha ritmo para colocar o carro em terceiro no TL2 antes da paralisa\u00e7\u00e3o. A equipe inglesa acredita que, com ajustes aerodin\u00e2micos, pode reduzir o d\u00e9ficit para entrar definitivamente na briga pela pole.<\/p>\n<p>Com McLaren, Red Bull, Ferrari e Mercedes separadas por cent\u00e9simos, a classifica\u00e7\u00e3o promete ser uma das mais eletrizantes da temporada. Norris chega como favorito inicial, mas Las Vegas j\u00e1 mostrou que nada \u00e9 garantido, especialmente com temperaturas baixas, pneus dif\u00edceis de aquecer e a imprevisibilidade do asfalto urbano.<\/p>\n<p>Baixe nosso app oficial para <a href=\"https:\/\/play.google.com\/store\/apps\/details?id=br.com.contemtecnologia.f1mania\" rel=\"nofollow noopener\" target=\"_blank\"><strong>Android<\/strong><\/a> e <a href=\"https:\/\/apps.apple.com\/br\/app\/f1mania-not%C3%ADcias-da-f1\/id1639173209\" rel=\"nofollow noopener\" target=\"_blank\"><strong>iPhone<\/strong><\/a> e receba notifica\u00e7\u00f5es das \u00faltimas not\u00edcias.<\/p>\n","protected":false},"excerpt":{"rendered":"A F\u00f3rmula 1 abriu a quinta-feira em Las Vegas com sinais claros de que a batalha pela pole&hellip;\n","protected":false},"author":2,"featured_media":161471,"comment_status":"","ping_status":"","sticky":false,"template":"","format":"standard","meta":{"footnotes":""},"categories":[8],"tags":[27,28,15,16,14,25,26,21,22,12,13,19,20,32,23,24,33,17,18,29,30,31],"class_list":{"0":"post-161470","1":"post","2":"type-post","3":"status-publish","4":"format-standard","5":"has-post-thumbnail","7":"category-principais-noticias","8":"tag-breaking-news","9":"tag-breakingnews","10":"tag-featured-news","11":"tag-featurednews","12":"tag-headlines","13":"tag-latest-news","14":"tag-latestnews","15":"tag-main-news","16":"tag-mainnews","17":"tag-news","18":"tag-noticias","19":"tag-noticias-principais","20":"tag-noticiasprincipais","21":"tag-portugal","22":"tag-principais-noticias","23":"tag-principaisnoticias","24":"tag-pt","25":"tag-top-stories","26":"tag-topstories","27":"tag-ultimas","28":"tag-ultimas-noticias","29":"tag-ultimasnoticias"},"share_on_mastodon":{"url":"https:\/\/pubeurope.com\/@pt\/115595178782261235","error":""},"_links":{"self":[{"href":"https:\/\/www.europesays.com\/pt\/wp-json\/wp\/v2\/posts\/161470","targetHints":{"allow":["GET"]}}],"collection":[{"href":"https:\/\/www.europesays.com\/pt\/wp-json\/wp\/v2\/posts"}],"about":[{"href":"https:\/\/www.europesays.com\/pt\/wp-json\/wp\/v2\/types\/post"}],"author":[{"embeddable":true,"href":"https:\/\/www.europesays.com\/pt\/wp-json\/wp\/v2\/users\/2"}],"replies":[{"embeddable":true,"href":"https:\/\/www.europesays.com\/pt\/wp-json\/wp\/v2\/comments?post=161470"}],"version-history":[{"count":0,"href":"https:\/\/www.europesays.com\/pt\/wp-json\/wp\/v2\/posts\/161470\/revisions"}],"wp:featuredmedia":[{"embeddable":true,"href":"https:\/\/www.europesays.com\/pt\/wp-json\/wp\/v2\/media\/161471"}],"wp:attachment":[{"href":"https:\/\/www.europesays.com\/pt\/wp-json\/wp\/v2\/media?parent=161470"}],"wp:term":[{"taxonomy":"category","embeddable":true,"href":"https:\/\/www.europesays.com\/pt\/wp-json\/wp\/v2\/categories?post=161470"},{"taxonomy":"post_tag","embeddable":true,"href":"https:\/\/www.europesays.com\/pt\/wp-json\/wp\/v2\/tags?post=161470"}],"curies":[{"name":"wp","href":"https:\/\/api.w.org\/{rel}","templated":true}]}}