{"id":161493,"date":"2025-11-22T20:33:34","date_gmt":"2025-11-22T20:33:34","guid":{"rendered":"https:\/\/www.europesays.com\/pt\/161493\/"},"modified":"2025-11-22T20:33:34","modified_gmt":"2025-11-22T20:33:34","slug":"o-balanco-da-reuniao-de-pedro-proenca-com-f-c-porto-benfica-braga-e-sporting","status":"publish","type":"post","link":"https:\/\/www.europesays.com\/pt\/161493\/","title":{"rendered":"O balan\u00e7o da reuni\u00e3o de Pedro Proen\u00e7a com F. C. Porto, Benfica, Braga e Sporting"},"content":{"rendered":"<p data-remotead-prev-elm=\"true\" data-remotead-elm-id=\"inread\">Foram debatidos &#8220;diversos temas relacionados com o futuro da ind\u00fastria, nomeadamente com a sustentabilidade das sociedades desportivas, com foco na distribui\u00e7\u00e3o das receitas provenientes das apostas desportivas e em particular as verbas referentes \u00e0s apostas em ligas internacionais&#8221;, bem como &#8220;o modelo de financiamento do futebol portugu\u00eas e os desafios que o mesmo enfrenta face ao contexto nacional e internacional&#8221;, informa a FPF.<\/p>\n<p>A Federa\u00e7\u00e3o, liderada por Pedro Proen\u00e7a, fala da &#8220;necessidade de estabelecer crit\u00e9rios rigorosos de distribui\u00e7\u00e3o das receitas provenientes das apostas desportivas, bem como a defini\u00e7\u00e3o de par\u00e2metros exigentes de aplica\u00e7\u00e3o das verbas distribu\u00eddas&#8221; como uma das solu\u00e7\u00f5es debatidas no encontro, e saudou o &#8220;clima construtivo da reuni\u00e3o&#8221;.<\/p>\n<p>N\u00e3o h\u00e1 men\u00e7\u00e3o de que tenha sido discutido o atual momento da arbitragem nacional, que tem sofrido cr\u00edticas por parte de todos os clubes envolvidos na reuni\u00e3o.<\/p>\n","protected":false},"excerpt":{"rendered":"Foram debatidos &#8220;diversos temas relacionados com o futuro da ind\u00fastria, nomeadamente com a sustentabilidade das sociedades desportivas, com&hellip;\n","protected":false},"author":2,"featured_media":161494,"comment_status":"","ping_status":"","sticky":false,"template":"","format":"standard","meta":{"footnotes":""},"categories":[87],"tags":[51,1912,135,20558,5560,524,5561,32,33,22943,134],"class_list":{"0":"post-161493","1":"post","2":"type-post","3":"status-publish","4":"format-standard","5":"has-post-thumbnail","7":"category-desporto","8":"tag-benfica","9":"tag-braga","10":"tag-desporto","11":"tag-f-c-porto","12":"tag-federacao-portuguesa-de-futebol","13":"tag-futebol","14":"tag-pedro-proenca","15":"tag-portugal","16":"tag-pt","17":"tag-sporting-c-p","18":"tag-sports"},"share_on_mastodon":{"url":"https:\/\/pubeurope.com\/@pt\/115595260965407121","error":""},"_links":{"self":[{"href":"https:\/\/www.europesays.com\/pt\/wp-json\/wp\/v2\/posts\/161493","targetHints":{"allow":["GET"]}}],"collection":[{"href":"https:\/\/www.europesays.com\/pt\/wp-json\/wp\/v2\/posts"}],"about":[{"href":"https:\/\/www.europesays.com\/pt\/wp-json\/wp\/v2\/types\/post"}],"author":[{"embeddable":true,"href":"https:\/\/www.europesays.com\/pt\/wp-json\/wp\/v2\/users\/2"}],"replies":[{"embeddable":true,"href":"https:\/\/www.europesays.com\/pt\/wp-json\/wp\/v2\/comments?post=161493"}],"version-history":[{"count":0,"href":"https:\/\/www.europesays.com\/pt\/wp-json\/wp\/v2\/posts\/161493\/revisions"}],"wp:featuredmedia":[{"embeddable":true,"href":"https:\/\/www.europesays.com\/pt\/wp-json\/wp\/v2\/media\/161494"}],"wp:attachment":[{"href":"https:\/\/www.europesays.com\/pt\/wp-json\/wp\/v2\/media?parent=161493"}],"wp:term":[{"taxonomy":"category","embeddable":true,"href":"https:\/\/www.europesays.com\/pt\/wp-json\/wp\/v2\/categories?post=161493"},{"taxonomy":"post_tag","embeddable":true,"href":"https:\/\/www.europesays.com\/pt\/wp-json\/wp\/v2\/tags?post=161493"}],"curies":[{"name":"wp","href":"https:\/\/api.w.org\/{rel}","templated":true}]}}