{"id":161495,"date":"2025-11-22T20:37:10","date_gmt":"2025-11-22T20:37:10","guid":{"rendered":"https:\/\/www.europesays.com\/pt\/161495\/"},"modified":"2025-11-22T20:37:10","modified_gmt":"2025-11-22T20:37:10","slug":"13-pecas-de-decoracao-que-pode-comprar-ate-metade-do-preco-na-rival-da-ikea-nit","status":"publish","type":"post","link":"https:\/\/www.europesays.com\/pt\/161495\/","title":{"rendered":"13 pe\u00e7as de decora\u00e7\u00e3o que pode comprar at\u00e9 metade do pre\u00e7o na rival da IKEA \u2014 NiT"},"content":{"rendered":"<p>Entrar numa loja de decora\u00e7\u00e3o \u00e9, muitas vezes, como se estiv\u00e9ssemos dentro das p\u00e1ginas de uma revista de design. O que pode ser assustador quando o or\u00e7amento \u00e9 apertado e n\u00e3o nos permite construir a sala dos nossos sonhos. Felizmente, h\u00e1 cada vez mais lojas com propostas a pre\u00e7os low cost.<\/p>\n<p>A cadeia dinamarquesa JYSK, conhecida como a grande rival da sueca IKEA, \u00e9 uma das marcas que t\u00eam tido uma expans\u00e3o mais r\u00e1pida na Pen\u00ednsula Ib\u00e9rica. O objetivo \u00e9 chegar \u00e0s 80 lojas em Portugal nos pr\u00f3ximos anos.<\/p>\n<p>Embora j\u00e1 seja famosa pelos pre\u00e7os acess\u00edveis, o cat\u00e1logo vai ter as propostas ainda mais baratas. Para antecipar a Black Friday, a retalhista lan\u00e7ou a Black Week onde, at\u00e9 ao \u00faltimo dia de novembro, poder\u00e1 poupar at\u00e9 60 por cento em dezenas de pe\u00e7as para as v\u00e1rias divis\u00f5es da casa, desde m\u00f3veis a pequenos objetos decorativos.<\/p>\n<p>Entre as oportunidades, destaca-se a mesa de centro SNESLEV, um modelo redondo num tom de carvalho natural com folheado decorativo a contrastar com a\u00e7o. Originalmente, custava 149\u20ac, mas como est\u00e1 a metade do pre\u00e7o, pode compr\u00e1-la por 75\u20ac.<\/p>\n<p><strong>Se visitar um destes espa\u00e7os, j\u00e1 sabe que seguem um conceito com \u00e1reas mobiladas e decoradas que permitem aos portugueses imaginar ambientes como quartos, salas de estar ou de jantar.<\/strong> Existem ainda zonas dedicadas a combina\u00e7\u00f5es mix and match, selecionadas pelos designers da cadeia para levar tend\u00eancias sazonais de design aos clientes.<\/p>\n<p>A oferta da retalhista inclui, assim, uma vasta gama de artigos para casa e arruma\u00e7\u00e3o, passando pelo jardim e casa de banho. Os pre\u00e7os, desde 1,50\u20ac, s\u00e3o altamente competitivos e seguem a filosofia hygge, que promove a serenidade, a harmonia e a procura pela felicidade nos detalhes.<\/p>\n<p>Fundada em 1979 na Dinamarca, a JYSK inaugurou a sua primeira loja em Espanha em 2009 e, desde ent\u00e3o, continua a expandir-se internacionalmente. Hoje em dia, j\u00e1 est\u00e1 presente em 50 pa\u00edses, com mais de tr\u00eas mil pontos de venda e cerca de mil trabalhadores.\u00a0<\/p>\n<p>Outro dos pr\u00f3ximos objetivos \u00e9 alcan\u00e7ar a meta de 350 estabelecimentos em Portugal e Espanha, com um investimento previsto de 15 milh\u00f5es de euros.<\/p>\n<p>Carregue na galeria para conhecer a sele\u00e7\u00e3o da NiT de pe\u00e7as de decora\u00e7\u00e3o que pode encontrar na Black Week da JYSK.<\/p>\n","protected":false},"excerpt":{"rendered":"Entrar numa loja de decora\u00e7\u00e3o \u00e9, muitas vezes, como se estiv\u00e9ssemos dentro das p\u00e1ginas de uma revista de&hellip;\n","protected":false},"author":2,"featured_media":161496,"comment_status":"","ping_status":"","sticky":false,"template":"","format":"standard","meta":{"footnotes":""},"categories":[83],"tags":[88,89,90,32,33],"class_list":{"0":"post-161495","1":"post","2":"type-post","3":"status-publish","4":"format-standard","5":"has-post-thumbnail","7":"category-empresas","8":"tag-business","9":"tag-economy","10":"tag-empresas","11":"tag-portugal","12":"tag-pt"},"share_on_mastodon":{"url":"https:\/\/pubeurope.com\/@pt\/115595276591559775","error":""},"_links":{"self":[{"href":"https:\/\/www.europesays.com\/pt\/wp-json\/wp\/v2\/posts\/161495","targetHints":{"allow":["GET"]}}],"collection":[{"href":"https:\/\/www.europesays.com\/pt\/wp-json\/wp\/v2\/posts"}],"about":[{"href":"https:\/\/www.europesays.com\/pt\/wp-json\/wp\/v2\/types\/post"}],"author":[{"embeddable":true,"href":"https:\/\/www.europesays.com\/pt\/wp-json\/wp\/v2\/users\/2"}],"replies":[{"embeddable":true,"href":"https:\/\/www.europesays.com\/pt\/wp-json\/wp\/v2\/comments?post=161495"}],"version-history":[{"count":0,"href":"https:\/\/www.europesays.com\/pt\/wp-json\/wp\/v2\/posts\/161495\/revisions"}],"wp:featuredmedia":[{"embeddable":true,"href":"https:\/\/www.europesays.com\/pt\/wp-json\/wp\/v2\/media\/161496"}],"wp:attachment":[{"href":"https:\/\/www.europesays.com\/pt\/wp-json\/wp\/v2\/media?parent=161495"}],"wp:term":[{"taxonomy":"category","embeddable":true,"href":"https:\/\/www.europesays.com\/pt\/wp-json\/wp\/v2\/categories?post=161495"},{"taxonomy":"post_tag","embeddable":true,"href":"https:\/\/www.europesays.com\/pt\/wp-json\/wp\/v2\/tags?post=161495"}],"curies":[{"name":"wp","href":"https:\/\/api.w.org\/{rel}","templated":true}]}}