{"id":161510,"date":"2025-11-22T21:00:37","date_gmt":"2025-11-22T21:00:37","guid":{"rendered":"https:\/\/www.europesays.com\/pt\/161510\/"},"modified":"2025-11-22T21:00:37","modified_gmt":"2025-11-22T21:00:37","slug":"cristina-ferreira-revela-habito-essencial-que-nao-pode-faltar-no-seu-dia-a-dia-secret-story","status":"publish","type":"post","link":"https:\/\/www.europesays.com\/pt\/161510\/","title":{"rendered":"Cristina Ferreira revela h\u00e1bito essencial que n\u00e3o pode faltar no seu dia a dia &#8211; Secret Story"},"content":{"rendered":"<p style=\"margin-bottom:11px\"><strong>Cristina Ferreira <\/strong>deixa sempre <strong>clara a import\u00e2ncia do exerc\u00edcio f\u00edsico na sua vida<\/strong>. E a partilha que fez na tarde desta quinta-feira, 20 de novembro, n\u00e3o foi exce\u00e7\u00e3o.<\/p>\n<p><a href=\"https:\/\/tvi.iol.pt\/secretstory\/search?pagina=1&amp;pesquisa=cristina+ferreira\" rel=\"nofollow noopener\" target=\"_blank\">A apresentadora <\/a>refor\u00e7a<strong>\u00a0que esta pr\u00e1tica a ajuda a manter a motiva\u00e7\u00e3o no seu dia a dia<\/strong>. Um h\u00e1bito que conjuga com a vida agitada, da qual o Secret Story faz parte.<\/p>\n<p>Numa fotografia captada no gin\u00e1sio, <a href=\"https:\/\/tvi.iol.pt\/secretstory\/search?pagina=1&amp;pesquisa=cristina+ferreira\" rel=\"nofollow noopener\" target=\"_blank\">Cristina Ferreira<\/a> escreveu:<\/p>\n<p>\u00abGosto mesmo de treinar. Passou a ser parte essencial do meu dia e fonte de energia. E estou numa fase em que quero mesmo intensificar e ver outro tipo de resultados.\u00bb<\/p>\n<p><strong>Veja aqui a publica\u00e7\u00e3o:<\/strong><\/p>\n<p><a href=\"https:\/\/backoffice.iol.pt\/bo-novo\/multimedia\/edit.html?id=6920de54d34e2bd5c6d44781\" target=\"_blank\" title=\"Editar multimedia\" rel=\"nofollow noopener\"><img decoding=\"async\" alt=\"\" onclick=\"\" src=\"https:\/\/www.europesays.com\/pt\/wp-content\/uploads\/2025\/11\/1763845236_749_16.webp\" title=\"\"\/><\/a><\/p>\n<p>Inspirador: Cristina Ferreira deixa conselho que vai querer seguir <\/p>\n<p><strong>\u00a0Cristina Ferreira voltou a dar que falar\u00a0<\/strong>com mais uma das suas<strong> reflex\u00f5es inspiradoras<\/strong>. Na tarde desta quarta-feira, dia 19 de novembro, a apresentadora <strong>recorreu ao Instagram para partilhar uma mensagem sobre resili\u00eancia e foco<\/strong>.<\/p>\n<p>\u00abNum mundo em que tantos te tentam deitar abaixo, concentra-te naqueles que te d\u00e3o a m\u00e3o. Subir a montanha exige resili\u00eancia, escolha e foco\u00bb, <a href=\"https:\/\/tvi.iol.pt\/secretstory\/search?pagina=1&amp;pesquisa=cristina+ferreira\" rel=\"nofollow noopener\" target=\"_blank\">escreveu a apresentadora<\/a>\u00a0numa fotografia em que se pode ver o mar.<\/p>\n<p><a href=\"https:\/\/tvi.iol.pt\/secretstory\/search?pagina=1&amp;pesquisa=cristina+ferreira\" rel=\"nofollow noopener\" target=\"_blank\">Cristina Ferreira<\/a><strong> deixou ainda um conselho direto aos seguidores<\/strong>: \u00abSe te dispersas com as vozes contr\u00e1rias, perdes energia para seguir em frente. Isto serve para tudo na vida. A felicidade est\u00e1 dentro de n\u00f3s.\u00bb<\/p>\n<p><a href=\"https:\/\/backoffice.iol.pt\/bo-novo\/multimedia\/edit.html?id=691f50fbd34e2bd5c6d438fa\" target=\"_blank\" title=\"Editar multimedia\" rel=\"nofollow noopener\"><img loading=\"lazy\" decoding=\"async\" alt=\"\" height=\"1778\" onclick=\"\" src=\"https:\/\/www.europesays.com\/pt\/wp-content\/uploads\/2025\/11\/1763845237_199_16.webp\" title=\"\" width=\"1000\"\/><\/a><\/p>\n<p>\u00a0<\/p>\n","protected":false},"excerpt":{"rendered":"Cristina Ferreira deixa sempre clara a import\u00e2ncia do exerc\u00edcio f\u00edsico na sua vida. E a partilha que fez&hellip;\n","protected":false},"author":2,"featured_media":161511,"comment_status":"","ping_status":"","sticky":false,"template":"","format":"standard","meta":{"footnotes":""},"categories":[142],"tags":[8113,2632,329,333,328,335,166,135,336,114,115,334,330,1326,338,19019,13,32,33,12021,1315,8174,151,162,19020,227],"class_list":{"0":"post-161510","1":"post","2":"type-post","3":"status-publish","4":"format-standard","5":"has-post-thumbnail","7":"category-tv","8":"tag-alice-alves","9":"tag-casa-dos-segredos","10":"tag-claudio-ramos","11":"tag-comentadores","12":"tag-concorrentes","13":"tag-confrontos","14":"tag-cristina-ferreira","15":"tag-desporto","16":"tag-discussoes","17":"tag-entertainment","18":"tag-entretenimento","19":"tag-exclusivos","20":"tag-gala","21":"tag-mafalda-castro","22":"tag-maria-botelho-moniz","23":"tag-marta-cardoso","24":"tag-noticias","25":"tag-portugal","26":"tag-pt","27":"tag-rotina","28":"tag-secret-story","29":"tag-segredos","30":"tag-tv","31":"tag-tvi","32":"tag-video-do-dia","33":"tag-videos"},"share_on_mastodon":{"url":"https:\/\/pubeurope.com\/@pt\/115595367424269757","error":""},"_links":{"self":[{"href":"https:\/\/www.europesays.com\/pt\/wp-json\/wp\/v2\/posts\/161510","targetHints":{"allow":["GET"]}}],"collection":[{"href":"https:\/\/www.europesays.com\/pt\/wp-json\/wp\/v2\/posts"}],"about":[{"href":"https:\/\/www.europesays.com\/pt\/wp-json\/wp\/v2\/types\/post"}],"author":[{"embeddable":true,"href":"https:\/\/www.europesays.com\/pt\/wp-json\/wp\/v2\/users\/2"}],"replies":[{"embeddable":true,"href":"https:\/\/www.europesays.com\/pt\/wp-json\/wp\/v2\/comments?post=161510"}],"version-history":[{"count":0,"href":"https:\/\/www.europesays.com\/pt\/wp-json\/wp\/v2\/posts\/161510\/revisions"}],"wp:featuredmedia":[{"embeddable":true,"href":"https:\/\/www.europesays.com\/pt\/wp-json\/wp\/v2\/media\/161511"}],"wp:attachment":[{"href":"https:\/\/www.europesays.com\/pt\/wp-json\/wp\/v2\/media?parent=161510"}],"wp:term":[{"taxonomy":"category","embeddable":true,"href":"https:\/\/www.europesays.com\/pt\/wp-json\/wp\/v2\/categories?post=161510"},{"taxonomy":"post_tag","embeddable":true,"href":"https:\/\/www.europesays.com\/pt\/wp-json\/wp\/v2\/tags?post=161510"}],"curies":[{"name":"wp","href":"https:\/\/api.w.org\/{rel}","templated":true}]}}