{"id":161512,"date":"2025-11-22T21:03:21","date_gmt":"2025-11-22T21:03:21","guid":{"rendered":"https:\/\/www.europesays.com\/pt\/161512\/"},"modified":"2025-11-22T21:03:21","modified_gmt":"2025-11-22T21:03:21","slug":"cumprimentos-no-coreia-do-norte-japao-foram-socos-video","status":"publish","type":"post","link":"https:\/\/www.europesays.com\/pt\/161512\/","title":{"rendered":"cumprimentos no Coreia do Norte-Jap\u00e3o foram &#8216;socos&#8217; (v\u00eddeo)"},"content":{"rendered":"<p>A partida entre a Coreia do Norte e o Jap\u00e3o, dos oitavos de final do Mundial de Sub-17, deixou \u00e0 vista a hist\u00f3rica rivalidade entre os dois pa\u00edses.<\/p>\n<p>Antes de come\u00e7ar a partida \u2014 que ditou a passagem dos nip\u00f3nicos aos quartos de final, ap\u00f3s triunfo nos pen\u00e1ltis (1-1, 5-4 g.p.) \u2014, os jogadores norte-coreanos cumprimentaram os advers\u00e1rios com socos nas m\u00e3os.<\/p>\n<p>Dentro de campo, levou a melhor o Jap\u00e3o, que esta sexta-feira mede for\u00e7as com a \u00c1ustria.<\/p>\n<p>As rela\u00e7\u00f5es entre os dois pa\u00edses est\u00e3o marcadas pela anexa\u00e7\u00e3o da Pen\u00ednsula da Coreia pelos japoneses no in\u00edcio do s\u00e9culo XX e, mais recentemente, pela amea\u00e7a nuclear de Pyongyang.<\/p>\n<p><a target=\"_blank\" class=\"editor-link\" href=\"https:\/\/profile.google.com\/cp\/CgkvbS8wNWNjOHQ?pf=0\" rel=\"nofollow noopener\">Siga o perfil de A BOLA no Google<\/a><\/p>\n","protected":false},"excerpt":{"rendered":"A partida entre a Coreia do Norte e o Jap\u00e3o, dos oitavos de final do Mundial de Sub-17,&hellip;\n","protected":false},"author":2,"featured_media":161513,"comment_status":"","ping_status":"","sticky":false,"template":"","format":"standard","meta":{"footnotes":""},"categories":[87],"tags":[135,32,33,134],"class_list":{"0":"post-161512","1":"post","2":"type-post","3":"status-publish","4":"format-standard","5":"has-post-thumbnail","7":"category-desporto","8":"tag-desporto","9":"tag-portugal","10":"tag-pt","11":"tag-sports"},"share_on_mastodon":{"url":"https:\/\/pubeurope.com\/@pt\/115595378927916979","error":""},"_links":{"self":[{"href":"https:\/\/www.europesays.com\/pt\/wp-json\/wp\/v2\/posts\/161512","targetHints":{"allow":["GET"]}}],"collection":[{"href":"https:\/\/www.europesays.com\/pt\/wp-json\/wp\/v2\/posts"}],"about":[{"href":"https:\/\/www.europesays.com\/pt\/wp-json\/wp\/v2\/types\/post"}],"author":[{"embeddable":true,"href":"https:\/\/www.europesays.com\/pt\/wp-json\/wp\/v2\/users\/2"}],"replies":[{"embeddable":true,"href":"https:\/\/www.europesays.com\/pt\/wp-json\/wp\/v2\/comments?post=161512"}],"version-history":[{"count":0,"href":"https:\/\/www.europesays.com\/pt\/wp-json\/wp\/v2\/posts\/161512\/revisions"}],"wp:featuredmedia":[{"embeddable":true,"href":"https:\/\/www.europesays.com\/pt\/wp-json\/wp\/v2\/media\/161513"}],"wp:attachment":[{"href":"https:\/\/www.europesays.com\/pt\/wp-json\/wp\/v2\/media?parent=161512"}],"wp:term":[{"taxonomy":"category","embeddable":true,"href":"https:\/\/www.europesays.com\/pt\/wp-json\/wp\/v2\/categories?post=161512"},{"taxonomy":"post_tag","embeddable":true,"href":"https:\/\/www.europesays.com\/pt\/wp-json\/wp\/v2\/tags?post=161512"}],"curies":[{"name":"wp","href":"https:\/\/api.w.org\/{rel}","templated":true}]}}