{"id":161514,"date":"2025-11-22T21:09:13","date_gmt":"2025-11-22T21:09:13","guid":{"rendered":"https:\/\/www.europesays.com\/pt\/161514\/"},"modified":"2025-11-22T21:09:13","modified_gmt":"2025-11-22T21:09:13","slug":"politecnico-lamenta-morte-de-jovem-estudante-radio-portalegre","status":"publish","type":"post","link":"https:\/\/www.europesays.com\/pt\/161514\/","title":{"rendered":"Polit\u00e9cnico lamenta morte de jovem estudante \u2013 R\u00e1dio Portalegre"},"content":{"rendered":"<p>O Polit\u00e9cnico de Portalegre manifestou, este s\u00e1bado, o seu \u201cprofundo pesar e consterna\u00e7\u00e3o\u201d pelo falecimento do aluno Ant\u00f3nio Ernesto, do 1.\u00ba ano de Gest\u00e3o.<\/p>\n<p>Numa nota publicada nas redes sociais a institui\u00e7\u00e3o endere\u00e7a sentidas condol\u00eancias \u00e0 fam\u00edlia, amigos e colegas.<\/p>\n<p>O jovem estudante, de 22 anos, morreu, sexta feira, ap\u00f3s um incidente ocorrido no IP2, junto ao viaduto da zona industrial de Portalegre. A v\u00edtima, que se encontrava inanimada na estrada, foi transportada para o hospital de Portalegre, mas n\u00e3o resistiu aos ferimentos.<\/p>\n<p>Fonte do Comando Sub Regional de Emerg\u00eancia e Prote\u00e7\u00e3o Civil do Alto Alente disse que alerta foi recebido \u00e0s 17:19, para o local foram mobilizados 10 operacionais, apoiados por quatro ve\u00edculos.<\/p>\n","protected":false},"excerpt":{"rendered":"O Polit\u00e9cnico de Portalegre manifestou, este s\u00e1bado, o seu \u201cprofundo pesar e consterna\u00e7\u00e3o\u201d pelo falecimento do aluno Ant\u00f3nio&hellip;\n","protected":false},"author":2,"featured_media":161515,"comment_status":"","ping_status":"","sticky":false,"template":"","format":"standard","meta":{"footnotes":""},"categories":[10],"tags":[27,28,15,16,14,25,26,21,22,12,13,19,20,32,23,24,33,17,18,29,30,31],"class_list":{"0":"post-161514","1":"post","2":"type-post","3":"status-publish","4":"format-standard","5":"has-post-thumbnail","7":"category-portugal","8":"tag-breaking-news","9":"tag-breakingnews","10":"tag-featured-news","11":"tag-featurednews","12":"tag-headlines","13":"tag-latest-news","14":"tag-latestnews","15":"tag-main-news","16":"tag-mainnews","17":"tag-news","18":"tag-noticias","19":"tag-noticias-principais","20":"tag-noticiasprincipais","21":"tag-portugal","22":"tag-principais-noticias","23":"tag-principaisnoticias","24":"tag-pt","25":"tag-top-stories","26":"tag-topstories","27":"tag-ultimas","28":"tag-ultimas-noticias","29":"tag-ultimasnoticias"},"share_on_mastodon":{"url":"https:\/\/pubeurope.com\/@pt\/115595402675804254","error":""},"_links":{"self":[{"href":"https:\/\/www.europesays.com\/pt\/wp-json\/wp\/v2\/posts\/161514","targetHints":{"allow":["GET"]}}],"collection":[{"href":"https:\/\/www.europesays.com\/pt\/wp-json\/wp\/v2\/posts"}],"about":[{"href":"https:\/\/www.europesays.com\/pt\/wp-json\/wp\/v2\/types\/post"}],"author":[{"embeddable":true,"href":"https:\/\/www.europesays.com\/pt\/wp-json\/wp\/v2\/users\/2"}],"replies":[{"embeddable":true,"href":"https:\/\/www.europesays.com\/pt\/wp-json\/wp\/v2\/comments?post=161514"}],"version-history":[{"count":0,"href":"https:\/\/www.europesays.com\/pt\/wp-json\/wp\/v2\/posts\/161514\/revisions"}],"wp:featuredmedia":[{"embeddable":true,"href":"https:\/\/www.europesays.com\/pt\/wp-json\/wp\/v2\/media\/161515"}],"wp:attachment":[{"href":"https:\/\/www.europesays.com\/pt\/wp-json\/wp\/v2\/media?parent=161514"}],"wp:term":[{"taxonomy":"category","embeddable":true,"href":"https:\/\/www.europesays.com\/pt\/wp-json\/wp\/v2\/categories?post=161514"},{"taxonomy":"post_tag","embeddable":true,"href":"https:\/\/www.europesays.com\/pt\/wp-json\/wp\/v2\/tags?post=161514"}],"curies":[{"name":"wp","href":"https:\/\/api.w.org\/{rel}","templated":true}]}}