{"id":161516,"date":"2025-11-22T21:10:13","date_gmt":"2025-11-22T21:10:13","guid":{"rendered":"https:\/\/www.europesays.com\/pt\/161516\/"},"modified":"2025-11-22T21:10:13","modified_gmt":"2025-11-22T21:10:13","slug":"sporting-segue-em-frente-na-taca-a-boleia-de-francisco-trincao-e-suarez","status":"publish","type":"post","link":"https:\/\/www.europesays.com\/pt\/161516\/","title":{"rendered":"Sporting segue em frente na Ta\u00e7a \u00e0 boleia de Francisco Trinc\u00e3o e Su\u00e1rez"},"content":{"rendered":"<p>O Sporting est\u00e1 nos oitavos de final da Ta\u00e7a de Portugal 2025\/26 depois de uma vit\u00f3ria por 3-0 sobre o Marinhense, atual 12.\u00ba classificado da S\u00e9rie C do Campeonato de Portugal, quarto escal\u00e3o do futebol nacional.<\/p>\n<p><a href=\"https:\/\/sportinforma.sapo.pt\/\" target=\"_blank\" rel=\"noreferrer noopener nofollow\">&#8211; Tudo sobre o desporto nacional e internacional em<b id=\"s-b-embed-692225\" data-stringify-type=\"bold\">\u00a0<\/b><b>sportinforma.sapo.pt &#8211;<\/b><\/a><\/p>\n<p>Rui Borges mexeu, e muito, no seu onze habitual, mas foi um dos poucos habituais titulares que se manteve na equipa inicial, Francisco Trinc\u00e3o, a bisar na primeira parte, e a abrir caminho ao triunfo. Depois, no segundo tempo, outro habitual titular, Luis Su\u00e1rez, saltou do banco para fechar a contagem j\u00e1 no quarto de hora final.<\/p>\n<p>Veja as melhores imagens do encontro<br \/>\nLe\u00e3o domina mas cria pouco perigo<\/p>\n<p>Como se esperava, o Sporting entrou a dominar a posse de bola mas, com muita mexidas na equipa, os lances de real perigo tardavam a aparecer.<\/p>\n<p>A primeira situa\u00e7\u00e3o de golo s\u00f3 apareceu aos 15 minutos, com Rodrigo Ribeiro &#8211; uma das novidades no onze &#8211; a aparecer isolado na cara do guarda-redes do Marinhense que, contudo, fez a mancha e segurou o nulo.<\/p>\n<p>Trinc\u00e3o resolve em menos de dez minutos<\/p>\n<p>O encontro seguiu na mesma toada, com o Sporting a pressionar e os lances de perigo a acontecerem, agora, com maior frequ\u00eancia. E, num deles, os le\u00f5es marcaram mesmo. Salvador Blopa &#8211; her\u00f3i do jogo da Ta\u00e7a da Liga com o Alverca em Outubro e novamente titular esta noite &#8211; cruzou a meia altura j\u00e1 dentro da \u00e1rea, na direita, e Trinc\u00e3o, vindo de tr\u00e1s, cabeceou para o golo aos 29 minutos.<\/p>\n<p>Trinc\u00e3o que, volvidos\u00a0 nove minutos, aos 38, assinou o momento alto da noite, com um golo de belo efeito, ao seu estilo. Recebeu a bola ainda fora da \u00e1rea, ajeitou para o p\u00e9 esquerdo e atirou em arco, sem hip\u00f3teses de defesa.<\/p>\n<p>Antes do intervalo, o brasileiro Alisson viu a trave da baliza do Marinhense negar-lhe o terceiro golo e houve ainda tempo para os visitantes chegarem pela primeira vez \u00e0 grande \u00e1rea do Sporting, obrigando Jo\u00e3o Virg\u00ednia a defesa apertada na baliza dos le\u00f5es.<\/p>\n<p>Su\u00e1rez entra para fechar o resultado<\/p>\n<p>O segundo tempo seguiu arrancou numa toada mais lenta, com o Sporting a controlar as opera\u00e7\u00f5es mas sem acelerar muito e com a defesa do Marinhense a resolver com maior ou menor dificuldade os lances de ataque leoninos.<\/p>\n<p>Rui Borges foi mexendo na equipa e antes do quarto de hora final fez entrar dois habituais titulares, Geovany Quenda e Luis Su\u00e1rez, que acabariam por fabricar o terceiro e \u00faltimo golo. O jovem internacional sub-21 luso arrancou pela esquerda, cruzou rasteiro para a \u00e1rea e o ponta-de-lan\u00e7a colombiano encostou para o fundo das redes.<\/p>\n<p>At\u00e9 ao final o Sporting ainda criou mais um par de boas oportunidades para chegar ao quarto golo, mas o resultado estava feito, com o Marinhense a conseguir fugir a uma derrota pesada em Alvalade.<\/p>\n","protected":false},"excerpt":{"rendered":"O Sporting est\u00e1 nos oitavos de final da Ta\u00e7a de Portugal 2025\/26 depois de uma vit\u00f3ria por 3-0&hellip;\n","protected":false},"author":2,"featured_media":161517,"comment_status":"","ping_status":"","sticky":false,"template":"","format":"standard","meta":{"footnotes":""},"categories":[8],"tags":[27,28,15,16,14,25,26,21,22,12,13,19,20,32,23,24,33,17,18,29,30,31],"class_list":{"0":"post-161516","1":"post","2":"type-post","3":"status-publish","4":"format-standard","5":"has-post-thumbnail","7":"category-principais-noticias","8":"tag-breaking-news","9":"tag-breakingnews","10":"tag-featured-news","11":"tag-featurednews","12":"tag-headlines","13":"tag-latest-news","14":"tag-latestnews","15":"tag-main-news","16":"tag-mainnews","17":"tag-news","18":"tag-noticias","19":"tag-noticias-principais","20":"tag-noticiasprincipais","21":"tag-portugal","22":"tag-principais-noticias","23":"tag-principaisnoticias","24":"tag-pt","25":"tag-top-stories","26":"tag-topstories","27":"tag-ultimas","28":"tag-ultimas-noticias","29":"tag-ultimasnoticias"},"share_on_mastodon":{"url":"https:\/\/pubeurope.com\/@pt\/115595406753993347","error":""},"_links":{"self":[{"href":"https:\/\/www.europesays.com\/pt\/wp-json\/wp\/v2\/posts\/161516","targetHints":{"allow":["GET"]}}],"collection":[{"href":"https:\/\/www.europesays.com\/pt\/wp-json\/wp\/v2\/posts"}],"about":[{"href":"https:\/\/www.europesays.com\/pt\/wp-json\/wp\/v2\/types\/post"}],"author":[{"embeddable":true,"href":"https:\/\/www.europesays.com\/pt\/wp-json\/wp\/v2\/users\/2"}],"replies":[{"embeddable":true,"href":"https:\/\/www.europesays.com\/pt\/wp-json\/wp\/v2\/comments?post=161516"}],"version-history":[{"count":0,"href":"https:\/\/www.europesays.com\/pt\/wp-json\/wp\/v2\/posts\/161516\/revisions"}],"wp:featuredmedia":[{"embeddable":true,"href":"https:\/\/www.europesays.com\/pt\/wp-json\/wp\/v2\/media\/161517"}],"wp:attachment":[{"href":"https:\/\/www.europesays.com\/pt\/wp-json\/wp\/v2\/media?parent=161516"}],"wp:term":[{"taxonomy":"category","embeddable":true,"href":"https:\/\/www.europesays.com\/pt\/wp-json\/wp\/v2\/categories?post=161516"},{"taxonomy":"post_tag","embeddable":true,"href":"https:\/\/www.europesays.com\/pt\/wp-json\/wp\/v2\/tags?post=161516"}],"curies":[{"name":"wp","href":"https:\/\/api.w.org\/{rel}","templated":true}]}}