{"id":161518,"date":"2025-11-22T21:11:17","date_gmt":"2025-11-22T21:11:17","guid":{"rendered":"https:\/\/www.europesays.com\/pt\/161518\/"},"modified":"2025-11-22T21:11:17","modified_gmt":"2025-11-22T21:11:17","slug":"famosa-familia-brasileira-e-dona-da-3a-mansao-mais-cara-do-mundo-avaliada-em-r-4-bilhoes","status":"publish","type":"post","link":"https:\/\/www.europesays.com\/pt\/161518\/","title":{"rendered":"Famosa fam\u00edlia brasileira \u00e9 dona da 3\u00aa mans\u00e3o mais cara do mundo avaliada em R$ 4 bilh\u00f5es"},"content":{"rendered":"<p>A Villa Leopolda \u00e9 considerada a terceira mans\u00e3o mais cara do mundo e a segunda mais valiosa da Europa, com valor estimado em cerca de R$ 4 bilh\u00f5es. Localizada na Riviera Francesa, entre M\u00f4naco e Nice, a propriedade pertence \u00e0 fam\u00edlia Safra, conhecida internacionalmente pelo setor banc\u00e1rio.\u00a0<\/p>\n<p>A casa ganhou relev\u00e2ncia mundial n\u00e3o apenas pelo valor, mas tamb\u00e9m por sua arquitetura, localiza\u00e7\u00e3o e trajet\u00f3ria envolvendo realeza europeia, cinema e negocia\u00e7\u00f5es milion\u00e1rias. Constru\u00edda entre 1929 e 1931 pelo arquiteto americano Ogden Codman, a mans\u00e3o segue o estilo Belle \u00c9poque.\u00a0<\/p>\n<p>O im\u00f3vel conta com amplos sal\u00f5es, jardins extensos e dezenas de ambientes internos, incluindo 19 quartos, 11 su\u00edtes, 14 banheiros e \u00e1reas de lazer variadas. A Villa Leopolda tamb\u00e9m serviu como loca\u00e7\u00e3o do filme \u201cLadr\u00e3o de Casaca\u201d (1955), dirigido por Alfred Hitchcock, refor\u00e7ando sua proje\u00e7\u00e3o cultural antes de ser adquirida pela fam\u00edlia brasileira.<\/p>\n<p><img loading=\"lazy\" decoding=\"async\" width=\"900\" height=\"600\" data-id=\"19756\" src=\"https:\/\/www.europesays.com\/pt\/wp-content\/uploads\/2025\/11\/Captura-de-tela-2025-11-18-161340.png\" alt=\"\" class=\"wp-image-19756\"  \/>Cr\u00e9ditos: Reprodu\u00e7\u00e3o<\/p>\n<p>Como a Villa Leopolda chegou \u00e0s m\u00e3os da fam\u00edlia Safra<\/p>\n<p>A hist\u00f3ria da resid\u00eancia come\u00e7ou em 1902, quando o rei Leopoldo II da B\u00e9lgica comprou o terreno para utiliz\u00e1-lo como casa de ver\u00e3o. Ap\u00f3s sua morte, a propriedade passou por v\u00e1rios donos e chegou a ser hospital militar na Primeira Guerra Mundial.<\/p>\n<p>Em 1987, foi adquirida por Edmond Safra e Lily Safra, consolidando o v\u00ednculo com o Brasil devido \u00e0s origens de Lily, que viveu muitos anos no pa\u00eds. Depois da morte de Edmond em 1999, Lily permaneceu na mans\u00e3o e, anos mais tarde, iniciou uma negocia\u00e7\u00e3o com o bilion\u00e1rio russo Mikhail Prokhorov.<\/p>\n<p>Ele pagou US$ 53 milh\u00f5es como sinal, mas desistiu da compra durante a crise de 2008. O valor n\u00e3o foi devolvido, e Lily destinou toda a quantia a institui\u00e7\u00f5es de caridade. Ela viveu na Villa Leopolda at\u00e9 seu falecimento em 2022, mantendo a propriedade como uma das mais valiosas e conhecidas do mundo.<\/p>\n","protected":false},"excerpt":{"rendered":"A Villa Leopolda \u00e9 considerada a terceira mans\u00e3o mais cara do mundo e a segunda mais valiosa da&hellip;\n","protected":false},"author":2,"featured_media":161519,"comment_status":"","ping_status":"","sticky":false,"template":"","format":"standard","meta":{"footnotes":""},"categories":[145],"tags":[211,210,114,115,32,33],"class_list":{"0":"post-161518","1":"post","2":"type-post","3":"status-publish","4":"format-standard","5":"has-post-thumbnail","7":"category-celebridades","8":"tag-celebridades","9":"tag-celebrities","10":"tag-entertainment","11":"tag-entretenimento","12":"tag-portugal","13":"tag-pt"},"share_on_mastodon":{"url":"https:\/\/pubeurope.com\/@pt\/115595411021979859","error":""},"_links":{"self":[{"href":"https:\/\/www.europesays.com\/pt\/wp-json\/wp\/v2\/posts\/161518","targetHints":{"allow":["GET"]}}],"collection":[{"href":"https:\/\/www.europesays.com\/pt\/wp-json\/wp\/v2\/posts"}],"about":[{"href":"https:\/\/www.europesays.com\/pt\/wp-json\/wp\/v2\/types\/post"}],"author":[{"embeddable":true,"href":"https:\/\/www.europesays.com\/pt\/wp-json\/wp\/v2\/users\/2"}],"replies":[{"embeddable":true,"href":"https:\/\/www.europesays.com\/pt\/wp-json\/wp\/v2\/comments?post=161518"}],"version-history":[{"count":0,"href":"https:\/\/www.europesays.com\/pt\/wp-json\/wp\/v2\/posts\/161518\/revisions"}],"wp:featuredmedia":[{"embeddable":true,"href":"https:\/\/www.europesays.com\/pt\/wp-json\/wp\/v2\/media\/161519"}],"wp:attachment":[{"href":"https:\/\/www.europesays.com\/pt\/wp-json\/wp\/v2\/media?parent=161518"}],"wp:term":[{"taxonomy":"category","embeddable":true,"href":"https:\/\/www.europesays.com\/pt\/wp-json\/wp\/v2\/categories?post=161518"},{"taxonomy":"post_tag","embeddable":true,"href":"https:\/\/www.europesays.com\/pt\/wp-json\/wp\/v2\/tags?post=161518"}],"curies":[{"name":"wp","href":"https:\/\/api.w.org\/{rel}","templated":true}]}}