{"id":161524,"date":"2025-11-22T21:17:23","date_gmt":"2025-11-22T21:17:23","guid":{"rendered":"https:\/\/www.europesays.com\/pt\/161524\/"},"modified":"2025-11-22T21:17:23","modified_gmt":"2025-11-22T21:17:23","slug":"catao-vitor-aleixo-e-sandra-madureira-expulsos-de-socios-observador","status":"publish","type":"post","link":"https:\/\/www.europesays.com\/pt\/161524\/","title":{"rendered":"Cat\u00e3o, V\u00edtor Aleixo e Sandra Madureira expulsos de s\u00f3cios \u2013 Observador"},"content":{"rendered":"<p>\u00c9 uma Assembleia-Geral que j\u00e1 \u00e9 hist\u00f3rica para o FC Porto. Sem que o clube nunca tenha expulsado qualquer s\u00f3cio ao longo de uma hist\u00f3ria centen\u00e1ria, os s\u00f3cios dos drag\u00f5es decidiram este s\u00e1bado <strong>expulsar V\u00edtor Cat\u00e3o, V\u00edtor Aleixo e Sandra Madureira,<\/strong> visados na Opera\u00e7\u00e3o Pretoriano que mant\u00e9m Fernando Madureira em pris\u00e3o preventiva. Sandra Madureira, mulher do antigo l\u00edder dos Super Drag\u00f5es, foi a \u00fanica a marcar presen\u00e7a e a defender-se antes de ver a pr\u00f3pria expuls\u00e3o ser votada.<\/p>\n<p>A Assembleia-Geral Ordin\u00e1ria do FC Porto come\u00e7ou por volta das 9h40 na Drag\u00e3o Arena e, depois de um breve discurso de Andr\u00e9 Villas-Boas, arrancou com o primeiro ponto da ordem de trabalhos, que dizia respeito \u00e0 apresenta\u00e7\u00e3o do <strong>Relat\u00f3rio e Contas do exerc\u00edcio 2024\/25, que teve um lucro de 28,3 milh\u00f5es de euros.<\/strong> Jos\u00e9 Pereira da Costa, CFO dos drag\u00f5es, tamb\u00e9m discursou, mas a aus\u00eancia de V\u00edtor Cat\u00e3o e V\u00edtor Aleixo depressa precipitou as duas expuls\u00f5es.<\/p>\n<blockquote class=\"wp-embedded-content\" data-secret=\"G0QAUTyoBy\">\n<p><a href=\"https:\/\/observador.pt\/2024\/11\/18\/um-ano-depois-quatro-exclusoes-e-uma-suspensao-fernando-madureira-expulso-de-socio-do-fc-porto\/\" rel=\"nofollow noopener\" target=\"_blank\">Um ano depois, quatro exclus\u00f5es e uma suspens\u00e3o: Fernando Madureira expulso de s\u00f3cio do FC Porto<\/a><\/p>\n<\/blockquote>\n<p>Depois de serem expulsos pelo Conselho Fiscal e Disciplinar do clube em novembro do ano passado, tanto V\u00edtor Cat\u00e3o como V\u00edtor Aleixo recorreram da decis\u00e3o<strong> \u2014 e era precisamente esse recurso que seria apresentado e votado este s\u00e1bado.<\/strong> Ora, por n\u00e3o terem marcado presen\u00e7a de forma injustificada, a aplica\u00e7\u00e3o das expuls\u00f5es de s\u00f3cios foi automaticamente aprovada e os dois s\u00f3 poder\u00e3o\u00a0agora recorrer por via judicial.<\/p>\n<p>Logo a seguir, Sandra Madureira tomou a palavra e <strong>argumentou durante 20 minutos,<\/strong> lendo um texto que levava preparado e pedindo para que a interven\u00e7\u00e3o n\u00e3o fosse gravada. A mulher do l\u00edder dos Super Drag\u00f5es chegou \u00e0 Drag\u00e3o Arena por volta das 9h30, com uma camisola do FC Porto debaixo de um sobretudo, e limitou-se a a referir que ir\u00e1 sair \u201ct\u00e3o portista\u201d quando entrou. Quando saiu do pavilh\u00e3o, foi muito saudada por v\u00e1rios s\u00f3cios que estavam nas imedia\u00e7\u00f5es do Drag\u00e3o e voltou a prestar declara\u00e7\u00f5es \u00e0 comunica\u00e7\u00e3o social.<\/p>\n<p>\u201cSe senti o apoio dos s\u00f3cios? Eu n\u00e3o vim para fazer esse bar\u00f3metro. Eu vou dizer \u00e0 sa\u00edda o que disse \u00e0 entrada: esta camisola que eu levo, o s\u00edmbolo que eu trago no peito\u2026 <strong>Vou morrer com ele, independentemente de ser s\u00f3cia ou n\u00e3o\u201d,<\/strong> vincou Sandra Madureira, que recebeu um abra\u00e7o de Nuno Pinto da Costa, neto do antigo presidente que mais tarde defendeu que existe uma \u201caut\u00eantica ca\u00e7a \u00e0s bruxas\u201d a todos os que n\u00e3o concordam com a atual dire\u00e7\u00e3o. \u201cS\u00e3o perseguidos. S\u00e3o detidos, presos, suspensos ou expulsos\u201d, sublinhou.<\/p>\n<p>O voto foi secreto, sendo que os drag\u00f5es n\u00e3o pediram refor\u00e7o policial para a Assembleia-Geral, e as urnas encerraram \u00e0s 19h \u2014 mais de uma hora antes do apito inicial da rece\u00e7\u00e3o do FC Porto ao Sintrense a contar para a Ta\u00e7a de Portugal. Mais de hora e meia depois, a expuls\u00e3o de Sandra Madureira foi confirmada, com o clube a anunciar oficialmente que <strong>908 s\u00f3cios votaram a favor da expuls\u00e3o, 710 votaram contra,<\/strong> 60 abstiveram-se e existiram ainda tr\u00eas votos nulos ou brancos. J\u00e1 o Relat\u00f3rio e Contas foi tamb\u00e9m aprovado, com 1.341 dos 1.808 s\u00f3cios que marcaram presen\u00e7a na Drag\u00e3o Arena a votarem a favor e apenas 171 contra.<\/p>\n<p><strong>Por resolver, por\u00e9m, vai ficar o caso de Fernando Madureira.<\/strong> O antigo l\u00edder dos Super Drag\u00f5es tamb\u00e9m foi expulso pelo Conselho Fiscal e Disciplinar, mas n\u00e3o vai marcar presen\u00e7a na Assembleia-Geral por estar ainda em pris\u00e3o preventiva \u2014 ou seja, tendo a aus\u00eancia justificada, ao contr\u00e1rio do que aconteceu com V\u00edtor Cat\u00e3o e V\u00edtor Aleixo. Ora, como o regulamento interno do FC Porto indica que qualquer s\u00f3cio tem direito \u00e0 defesa e \u00e0 apresenta\u00e7\u00e3o pessoal do respetivo recurso, algo que acontece este s\u00e1bado com Sandra Madureira,\u00a0a decis\u00e3o sobre a expuls\u00e3o de \u201cMacaco\u201d fica assim adiada.<\/p>\n<p>\u201cH\u00e1 um direito a recurso por parte dos associados, portanto a Assembleia-Geral ir\u00e1 ouvir os recursos por parte dos associados relativamente \u00e0 proposta da sua exclus\u00e3o e<strong> a Assembleia-Geral \u00e9 magna,<\/strong> dita as leis do que \u00e9 o futuro do FC Porto e assim decidir\u00e1 sobre esse tema tamb\u00e9m\u201d, disse Andr\u00e9 Villas-Boas esta sexta-feira, sem se alongar muito sobre o tema.<\/p>\n","protected":false},"excerpt":{"rendered":"\u00c9 uma Assembleia-Geral que j\u00e1 \u00e9 hist\u00f3rica para o FC Porto. Sem que o clube nunca tenha expulsado&hellip;\n","protected":false},"author":2,"featured_media":161525,"comment_status":"","ping_status":"","sticky":false,"template":"","format":"standard","meta":{"footnotes":""},"categories":[87],"tags":[135,282,524,32,33,134],"class_list":{"0":"post-161524","1":"post","2":"type-post","3":"status-publish","4":"format-standard","5":"has-post-thumbnail","7":"category-desporto","8":"tag-desporto","9":"tag-fc-porto","10":"tag-futebol","11":"tag-portugal","12":"tag-pt","13":"tag-sports"},"share_on_mastodon":{"url":"https:\/\/pubeurope.com\/@pt\/115595433983560408","error":""},"_links":{"self":[{"href":"https:\/\/www.europesays.com\/pt\/wp-json\/wp\/v2\/posts\/161524","targetHints":{"allow":["GET"]}}],"collection":[{"href":"https:\/\/www.europesays.com\/pt\/wp-json\/wp\/v2\/posts"}],"about":[{"href":"https:\/\/www.europesays.com\/pt\/wp-json\/wp\/v2\/types\/post"}],"author":[{"embeddable":true,"href":"https:\/\/www.europesays.com\/pt\/wp-json\/wp\/v2\/users\/2"}],"replies":[{"embeddable":true,"href":"https:\/\/www.europesays.com\/pt\/wp-json\/wp\/v2\/comments?post=161524"}],"version-history":[{"count":0,"href":"https:\/\/www.europesays.com\/pt\/wp-json\/wp\/v2\/posts\/161524\/revisions"}],"wp:featuredmedia":[{"embeddable":true,"href":"https:\/\/www.europesays.com\/pt\/wp-json\/wp\/v2\/media\/161525"}],"wp:attachment":[{"href":"https:\/\/www.europesays.com\/pt\/wp-json\/wp\/v2\/media?parent=161524"}],"wp:term":[{"taxonomy":"category","embeddable":true,"href":"https:\/\/www.europesays.com\/pt\/wp-json\/wp\/v2\/categories?post=161524"},{"taxonomy":"post_tag","embeddable":true,"href":"https:\/\/www.europesays.com\/pt\/wp-json\/wp\/v2\/tags?post=161524"}],"curies":[{"name":"wp","href":"https:\/\/api.w.org\/{rel}","templated":true}]}}