{"id":161526,"date":"2025-11-22T21:24:12","date_gmt":"2025-11-22T21:24:12","guid":{"rendered":"https:\/\/www.europesays.com\/pt\/161526\/"},"modified":"2025-11-22T21:24:12","modified_gmt":"2025-11-22T21:24:12","slug":"suspeito-do-esquema-ola-mae-ola-pai-detido-em-braga-observador","status":"publish","type":"post","link":"https:\/\/www.europesays.com\/pt\/161526\/","title":{"rendered":"Suspeito do esquema &#8220;Ol\u00e1 M\u00e3e, Ol\u00e1 Pai&#8221; detido em Braga \u2013 Observador"},"content":{"rendered":"<p>Um homem de 26 anos foi detido na quarta-feira, em Braga, suspeito de integrar um esquema de burla \u201cOl\u00e1 M\u00e3e, Ol\u00e1 Pai\u201d e branqueamento de capitais, revelou hoje em comunicado a GNR.<\/p>\n<p>A deten\u00e7\u00e3o ocorreu no \u00e2mbito do desmantelamento, pelo Subdestacamento Territorial de Albufeira da GNR, de \u201cuma rede criminosa dedicada \u00e0 pr\u00e1tica de crimes de burla qualificada e branqueamento de capitais, tendo dado cumprimento a um mandado de deten\u00e7\u00e3o, que resultou na deten\u00e7\u00e3o em flagrante delito de um homem de 26 anos, na cidade de Braga\u201d, descreve a Guarda.<\/p>\n<p>Da opera\u00e7\u00e3o, fizeram parte duas buscas domicili\u00e1rias, nos concelhos de Gondomar e Braga, que permitiram \u201capreender dois equipamentos com 128 \u2018slots\u2019 destinados a comunica\u00e7\u00f5es em massa, utilizados no esquema de burla conhecido como Ol\u00e1 M\u00e3e, Ol\u00e1 Pai, bem como noutros crimes praticados atrav\u00e9s da plataforma Telegram. Os equipamentos encontravam-se em pleno funcionamento aquando da interven\u00e7\u00e3o policial\u201d, l\u00ea-se ainda.<\/p>\n<p>Segundo a GNR, foram ainda apreendidos 15.111 cart\u00f5es SIM de uma operadora nacional, 20 cart\u00f5es banc\u00e1rios, 19 \u2018pen drives\u2019, 10 computadores, cinco telem\u00f3veis e cinco discos r\u00edgidos.<\/p>\n<p>Os militares identificaram ainda \u201ccerca de dez carteiras de criptomoeda, utilizadas para o movimento de capitais provenientes da atividade criminosa\u201d, prossegue o comunicado.<\/p>\n<p>Ao detido, presente no Tribunal Judicial de Portim\u00e3o, foi aplicada a medida de coa\u00e7\u00e3o de apresenta\u00e7\u00f5es peri\u00f3dicas semanais no posto policial da \u00e1rea de resid\u00eancia.<\/p>\n<p>No dia seguinte, em Vila Nova de Famalic\u00e3o, igualmente no distrito de Braga, a GNR deteve um homem de 47 anos e uma mulher de 42 anos, pelo crime de roubo em posto de combust\u00edvel com recurso a uma r\u00e9plica de arma de fogo, num posto de abastecimento de combust\u00edvel situado na localidade de Pedome, anuncia a Guarda.<\/p>\n<p>Os militares da GNR apreenderam tamb\u00e9m \u201cdiversos ma\u00e7os de tabaco e 264 euros em numer\u00e1rio\u201d, tendo os detidos sido constitu\u00eddos arguidos e os factos comunicados ao Tribunal Judicial de Vila Nova de Famalic\u00e3o, l\u00ea-se ainda no comunicado daquela for\u00e7a policial.<\/p>\n","protected":false},"excerpt":{"rendered":"Um homem de 26 anos foi detido na quarta-feira, em Braga, suspeito de integrar um esquema de burla&hellip;\n","protected":false},"author":2,"featured_media":161527,"comment_status":"","ping_status":"","sticky":false,"template":"","format":"standard","meta":{"footnotes":""},"categories":[10],"tags":[27,28,5015,604,15,16,2002,14,25,26,21,22,12,13,19,20,2003,32,23,24,33,2004,58,17,18,29,30,31],"class_list":{"0":"post-161526","1":"post","2":"type-post","3":"status-publish","4":"format-standard","5":"has-post-thumbnail","7":"category-portugal","8":"tag-breaking-news","9":"tag-breakingnews","10":"tag-burla","11":"tag-crime","12":"tag-featured-news","13":"tag-featurednews","14":"tag-gnr","15":"tag-headlines","16":"tag-latest-news","17":"tag-latestnews","18":"tag-main-news","19":"tag-mainnews","20":"tag-news","21":"tag-noticias","22":"tag-noticias-principais","23":"tag-noticiasprincipais","24":"tag-polu00edcia","25":"tag-portugal","26":"tag-principais-noticias","27":"tag-principaisnoticias","28":"tag-pt","29":"tag-seguranu00e7a","30":"tag-sociedade","31":"tag-top-stories","32":"tag-topstories","33":"tag-ultimas","34":"tag-ultimas-noticias","35":"tag-ultimasnoticias"},"share_on_mastodon":{"url":"https:\/\/pubeurope.com\/@pt\/115595461953723039","error":""},"_links":{"self":[{"href":"https:\/\/www.europesays.com\/pt\/wp-json\/wp\/v2\/posts\/161526","targetHints":{"allow":["GET"]}}],"collection":[{"href":"https:\/\/www.europesays.com\/pt\/wp-json\/wp\/v2\/posts"}],"about":[{"href":"https:\/\/www.europesays.com\/pt\/wp-json\/wp\/v2\/types\/post"}],"author":[{"embeddable":true,"href":"https:\/\/www.europesays.com\/pt\/wp-json\/wp\/v2\/users\/2"}],"replies":[{"embeddable":true,"href":"https:\/\/www.europesays.com\/pt\/wp-json\/wp\/v2\/comments?post=161526"}],"version-history":[{"count":0,"href":"https:\/\/www.europesays.com\/pt\/wp-json\/wp\/v2\/posts\/161526\/revisions"}],"wp:featuredmedia":[{"embeddable":true,"href":"https:\/\/www.europesays.com\/pt\/wp-json\/wp\/v2\/media\/161527"}],"wp:attachment":[{"href":"https:\/\/www.europesays.com\/pt\/wp-json\/wp\/v2\/media?parent=161526"}],"wp:term":[{"taxonomy":"category","embeddable":true,"href":"https:\/\/www.europesays.com\/pt\/wp-json\/wp\/v2\/categories?post=161526"},{"taxonomy":"post_tag","embeddable":true,"href":"https:\/\/www.europesays.com\/pt\/wp-json\/wp\/v2\/tags?post=161526"}],"curies":[{"name":"wp","href":"https:\/\/api.w.org\/{rel}","templated":true}]}}