{"id":161528,"date":"2025-11-22T21:25:16","date_gmt":"2025-11-22T21:25:16","guid":{"rendered":"https:\/\/www.europesays.com\/pt\/161528\/"},"modified":"2025-11-22T21:25:16","modified_gmt":"2025-11-22T21:25:16","slug":"parpublica-recebeu-tres-declaracoes-de-interesse-pela-privatizacao","status":"publish","type":"post","link":"https:\/\/www.europesays.com\/pt\/161528\/","title":{"rendered":"Parp\u00fablica recebeu tr\u00eas declara\u00e7\u00f5es de interesse pela privatiza\u00e7\u00e3o"},"content":{"rendered":"<p>        A empresa estatal Parp\u00fablica anunciou este s\u00e1bado, em comunicado, que recebeu \u201ctr\u00eas declara\u00e7\u00f5es de manifesta\u00e7\u00e3o de interesse\u201d pela privatiza\u00e7\u00e3o da TAP, cuja entrega de candidaturas encerrou \u00e0s 16h59.    <\/p>\n<p>A empresa estatal Parp\u00fablica anunciou este s\u00e1bado, em comunicado, que recebeu \u201ctr\u00eas declara\u00e7\u00f5es de manifesta\u00e7\u00e3o de interesse\u201d pela privatiza\u00e7\u00e3o da TAP, cuja entrega de candidaturas encerrou \u00e0s 16h59.<\/p>\n<p class=\"text-paragraph\">A empresa estatal respons\u00e1vel pela gest\u00e3o das participa\u00e7\u00f5es do Estado n\u00e3o indica, no comunicado quais as empresas interessadas, mas at\u00e9 agora estava confirmado o interesse formal da Air France-KLM, Lufthansa e International Airlines Group (IAG) \u2013 dono da British Airways e da Iberia.<\/p>\n<p class=\"text-paragraph\">No \u00e2mbito do processo de venda, a Parp\u00fablica \u201ctem agora 20 dias para elaborar, de modo fundamentado, um relat\u00f3rio descritivo dos interessados que submeteram as respetivas declara\u00e7\u00f5es de manifesta\u00e7\u00e3o de interesse, avaliando o seu cumprimento dos requisitos de participa\u00e7\u00e3o\u201d, acrescenta.<\/p>\n","protected":false},"excerpt":{"rendered":"A empresa estatal Parp\u00fablica anunciou este s\u00e1bado, em comunicado, que recebeu \u201ctr\u00eas declara\u00e7\u00f5es de manifesta\u00e7\u00e3o de interesse\u201d pela&hellip;\n","protected":false},"author":2,"featured_media":161529,"comment_status":"","ping_status":"","sticky":false,"template":"","format":"standard","meta":{"footnotes":""},"categories":[8],"tags":[27,28,15,16,14,25,26,21,22,12,13,19,20,32,23,24,33,17,18,29,30,31],"class_list":{"0":"post-161528","1":"post","2":"type-post","3":"status-publish","4":"format-standard","5":"has-post-thumbnail","7":"category-principais-noticias","8":"tag-breaking-news","9":"tag-breakingnews","10":"tag-featured-news","11":"tag-featurednews","12":"tag-headlines","13":"tag-latest-news","14":"tag-latestnews","15":"tag-main-news","16":"tag-mainnews","17":"tag-news","18":"tag-noticias","19":"tag-noticias-principais","20":"tag-noticiasprincipais","21":"tag-portugal","22":"tag-principais-noticias","23":"tag-principaisnoticias","24":"tag-pt","25":"tag-top-stories","26":"tag-topstories","27":"tag-ultimas","28":"tag-ultimas-noticias","29":"tag-ultimasnoticias"},"share_on_mastodon":{"url":"https:\/\/pubeurope.com\/@pt\/115595465621649200","error":""},"_links":{"self":[{"href":"https:\/\/www.europesays.com\/pt\/wp-json\/wp\/v2\/posts\/161528","targetHints":{"allow":["GET"]}}],"collection":[{"href":"https:\/\/www.europesays.com\/pt\/wp-json\/wp\/v2\/posts"}],"about":[{"href":"https:\/\/www.europesays.com\/pt\/wp-json\/wp\/v2\/types\/post"}],"author":[{"embeddable":true,"href":"https:\/\/www.europesays.com\/pt\/wp-json\/wp\/v2\/users\/2"}],"replies":[{"embeddable":true,"href":"https:\/\/www.europesays.com\/pt\/wp-json\/wp\/v2\/comments?post=161528"}],"version-history":[{"count":0,"href":"https:\/\/www.europesays.com\/pt\/wp-json\/wp\/v2\/posts\/161528\/revisions"}],"wp:featuredmedia":[{"embeddable":true,"href":"https:\/\/www.europesays.com\/pt\/wp-json\/wp\/v2\/media\/161529"}],"wp:attachment":[{"href":"https:\/\/www.europesays.com\/pt\/wp-json\/wp\/v2\/media?parent=161528"}],"wp:term":[{"taxonomy":"category","embeddable":true,"href":"https:\/\/www.europesays.com\/pt\/wp-json\/wp\/v2\/categories?post=161528"},{"taxonomy":"post_tag","embeddable":true,"href":"https:\/\/www.europesays.com\/pt\/wp-json\/wp\/v2\/tags?post=161528"}],"curies":[{"name":"wp","href":"https:\/\/api.w.org\/{rel}","templated":true}]}}