{"id":161530,"date":"2025-11-22T21:26:11","date_gmt":"2025-11-22T21:26:11","guid":{"rendered":"https:\/\/www.europesays.com\/pt\/161530\/"},"modified":"2025-11-22T21:26:11","modified_gmt":"2025-11-22T21:26:11","slug":"carolina-dieckmmann-mostra-clique-raro-com-filho-e-marido-durante-viagem","status":"publish","type":"post","link":"https:\/\/www.europesays.com\/pt\/161530\/","title":{"rendered":"Carolina Dieckmmann mostra clique raro com filho e marido durante viagem"},"content":{"rendered":"<p class=\"my-5 break-words group-[.isActiveSource]:text-xl\">A atriz <strong class=\"group-[.isActiveSource]:text-xl group-[.isActiveSource]:font-bold\">Carolina Dieckmmann<\/strong>, 47, mostrou um registro raro ao lado do marido, o diretor de TV<strong class=\"group-[.isActiveSource]:text-xl group-[.isActiveSource]:font-bold\"> Tiago Worcman<\/strong>, 50, e o filho mais novo, <strong class=\"group-[.isActiveSource]:text-xl group-[.isActiveSource]:font-bold\">Jos\u00e9 Worcman<\/strong>, 18. Os tr\u00eas curtem f\u00e9rias em Amsterd\u00e3, na Holanda. O menino se mudou para o pa\u00eds europeu h\u00e1 cerca de tr\u00eas meses.<\/p>\n<p class=\"my-5 break-words group-[.isActiveSource]:text-xl\">&#8220;A gente s\u00f3 pede para fazer sol e nada mais&#8221;, escreveu Carolina Dieckmmann na legenda. Nas fotos, o trio aparece curtindo a cidade todos agasalhados.<\/p>\n<p class=\"my-5 break-words group-[.isActiveSource]:text-xl my-5 break-words group-[.isActiveSource]:text-xl\">Recentemente, Carolina usou as redes sociais para celebrar os 18 anos de\u00a0<strong class=\"group-[.isActiveSource]:text-xl group-[.isActiveSource]:font-bold group-[.isActiveSource]:text-xl group-[.isActiveSource]:font-bold group-[.isActiveSource]:text-xl group-[.isActiveSource]:font-bold\">Jos\u00e9 Worcman.\u00a0<\/strong>Ela publicou uma s\u00e9rie de fotos com o jovem junto de uma declara\u00e7\u00e3o no Instagram. Nos stories, ela ainda<a class=\"text-red-600 underline hover:text-red-500 font-medium break-words group-[.isActiveSource]:text-xl\" href=\"https:\/\/www.cnnbrasil.com.br\/entretenimento\/filho-de-carolina-dieckmmann-ganha-bolo-inusitado-nao-come-acucar\/\" target=\"_blank\" rel=\"noopener noreferrer nofollow\">\u00a0mostrou o bolo inusitado para o anivers\u00e1rio de Jos\u00e9 &#8212; que n\u00e3o come a\u00e7\u00facar.<\/a><\/p>\n<p class=\"my-5 break-words group-[.isActiveSource]:text-xl\">A atriz ainda \u00e9 m\u00e3e de <strong class=\"group-[.isActiveSource]:text-xl group-[.isActiveSource]:font-bold\">Davi Frota<\/strong>, 26, fruto do ex-relacionamento com o ator <strong class=\"group-[.isActiveSource]:text-xl group-[.isActiveSource]:font-bold\">Marcos Frota<\/strong>, 69.<\/p>\n<p><img decoding=\"async\" src=\"https:\/\/www.europesays.com\/pt\/wp-content\/uploads\/2025\/11\/carolina-dieckmann-filho-marido.jpg\" alt=\"Carolina Dieckmmann com Tiago e Jos\u00e9 Worcman \u2022 Instagram\/ Carolina Dieckmmann\" width=\"849\" height=\"477\" class=\"flex size-full object-cover\" loading=\"lazy\"\/>Carolina Dieckmmann com Tiago e Jos\u00e9 Worcman \u2022 Instagram\/ Carolina Dieckmmann<\/p>\n","protected":false},"excerpt":{"rendered":"A atriz Carolina Dieckmmann, 47, mostrou um registro raro ao lado do marido, o diretor de TV Tiago&hellip;\n","protected":false},"author":2,"featured_media":161531,"comment_status":"","ping_status":"","sticky":false,"template":"","format":"standard","meta":{"footnotes":""},"categories":[145],"tags":[211,210,114,115,32,33],"class_list":{"0":"post-161530","1":"post","2":"type-post","3":"status-publish","4":"format-standard","5":"has-post-thumbnail","7":"category-celebridades","8":"tag-celebridades","9":"tag-celebrities","10":"tag-entertainment","11":"tag-entretenimento","12":"tag-portugal","13":"tag-pt"},"share_on_mastodon":{"url":"https:\/\/pubeurope.com\/@pt\/115595469559493501","error":""},"_links":{"self":[{"href":"https:\/\/www.europesays.com\/pt\/wp-json\/wp\/v2\/posts\/161530","targetHints":{"allow":["GET"]}}],"collection":[{"href":"https:\/\/www.europesays.com\/pt\/wp-json\/wp\/v2\/posts"}],"about":[{"href":"https:\/\/www.europesays.com\/pt\/wp-json\/wp\/v2\/types\/post"}],"author":[{"embeddable":true,"href":"https:\/\/www.europesays.com\/pt\/wp-json\/wp\/v2\/users\/2"}],"replies":[{"embeddable":true,"href":"https:\/\/www.europesays.com\/pt\/wp-json\/wp\/v2\/comments?post=161530"}],"version-history":[{"count":0,"href":"https:\/\/www.europesays.com\/pt\/wp-json\/wp\/v2\/posts\/161530\/revisions"}],"wp:featuredmedia":[{"embeddable":true,"href":"https:\/\/www.europesays.com\/pt\/wp-json\/wp\/v2\/media\/161531"}],"wp:attachment":[{"href":"https:\/\/www.europesays.com\/pt\/wp-json\/wp\/v2\/media?parent=161530"}],"wp:term":[{"taxonomy":"category","embeddable":true,"href":"https:\/\/www.europesays.com\/pt\/wp-json\/wp\/v2\/categories?post=161530"},{"taxonomy":"post_tag","embeddable":true,"href":"https:\/\/www.europesays.com\/pt\/wp-json\/wp\/v2\/tags?post=161530"}],"curies":[{"name":"wp","href":"https:\/\/api.w.org\/{rel}","templated":true}]}}