{"id":161534,"date":"2025-11-22T21:34:10","date_gmt":"2025-11-22T21:34:10","guid":{"rendered":"https:\/\/www.europesays.com\/pt\/161534\/"},"modified":"2025-11-22T21:34:10","modified_gmt":"2025-11-22T21:34:10","slug":"fc-porto-recebe-sintrense-que-ja-eliminou-o-vizela-e-o-rio-ave-na-taca-de-portugal","status":"publish","type":"post","link":"https:\/\/www.europesays.com\/pt\/161534\/","title":{"rendered":"FC Porto recebe Sintrense que j\u00e1 eliminou o Vizela e o Rio Ave na Ta\u00e7a de Portugal"},"content":{"rendered":"<p>&#13;<br \/>\nMas apesar de ser uma equipa mais fraca o treinador do FC Porto, Francesco Farioli, enaltece a valia do Sintrense, advers\u00e1rio dos &#8216;drag\u00f5es&#8217; na quarta eliminat\u00f3ria da Ta\u00e7a de Portugal de futebol, recordando o percurso da equipa do Campeonato de Portugal na prova.&#13;\n<\/p>\n<p>&#13;<br \/>\nOs &#8216;azuis e brancos&#8217; ir\u00e3o reencontrar, este s\u00e1bado, um conjunto que defrontaram por duas ocasi\u00f5es nos \u00faltimos quatro anos e que, durante a atual campanha na competi\u00e7\u00e3o, derrotou o Vizela (2-1), da II Liga, e o primodivision\u00e1rio Rio Ave (3-2).&#13;\n<\/p>\n<p>&#13;<br \/>\nPor esse motivo, o t\u00e9cnico italiano espera dificuldades, na partida que marca o regresso da pausa para os compromissos das sele\u00e7\u00f5es.&#13;\n<\/p>\n<p>&#13;<br \/>\nAcompanhe este jogo em direto na RTP1&#13;\n<\/p>\n<p><a href=\"https:\/\/www.rtp.pt\/play\/direto\/rtp1\" target=\"_blank\" rel=\"nofollow noopener\"><img decoding=\"async\" src=\"https:\/\/www.europesays.com\/pt\/wp-content\/uploads\/2025\/11\/cac33ab5aff9248667462b8b474d2aec\"\/><\/a><\/p>\n<p><\/p>\n<p>&#13;<br \/>\nJ\u00e1 do lado do Sintrense, o treinador David Maside diz que o emblema do Campeonato de Portugal vai enfrentar o FC Porto com a ambi\u00e7\u00e3o de ganhar. Contudo reconhece que os \u2018drag\u00f5es\u2019 s\u00e3o favoritos na quarta eliminat\u00f3ria da Ta\u00e7a de Portugal de futebol.&#13;\n<\/p>\n<p>&#13;<br \/>\n\u201cClaramente, temos no\u00e7\u00e3o de que enfrentar uma equipa como o FC Porto faz com que as probabilidades sejam menores para o nosso lado\u201d, disse David Maside. Mas \u201cvamos fazer o nosso trabalho normal, \u00e0 procura do nosso melhor, mostrar o que trabalh\u00e1mos durante a semana para atingir os nossos objetivos.\u201d&#13;\n<\/p>\n<p>&#13;<br \/>\nPara este jogo da Ta\u00e7a de Portugal, o t\u00e9cnico admite que o mediatismo \u00e9 diferente, mas garantiu, em confer\u00eancia de imprensa de antevis\u00e3o ao encontro, que a prepara\u00e7\u00e3o do jogo decorreu como noutra semana qualquer.&#13;\n<\/p>\n<p>Um jogo que vai ser transmitido na <a href=\"https:\/\/www.rtp.pt\/play\/direto\/rtp1\" target=\"_blank\" rel=\"nofollow noopener\">RTP1<\/a> e tamb\u00e9m com relato na <a href=\"https:\/\/www.rtp.pt\/play\/direto\/antena1\" target=\"_blank\" rel=\"nofollow noopener\">Antena 1<\/a>, com arbitragem a cargo de H\u00e9lder Malheiro, da associa\u00e7\u00e3o de Lisboa.<\/p>\n<p><a href=\"https:\/\/www.rtp.pt\/play\/direto\/antena1\" target=\"_blank\" rel=\"nofollow noopener\"><img decoding=\"async\" src=\"https:\/\/www.europesays.com\/pt\/wp-content\/uploads\/2025\/11\/c4cf338ccb004d4435a412a267a74cd3\"\/><\/a><\/p>\n","protected":false},"excerpt":{"rendered":"&#13; Mas apesar de ser uma equipa mais fraca o treinador do FC Porto, Francesco Farioli, enaltece a&hellip;\n","protected":false},"author":2,"featured_media":161535,"comment_status":"","ping_status":"","sticky":false,"template":"","format":"standard","meta":{"footnotes":""},"categories":[87],"tags":[135,13,32,33,420,421,134],"class_list":{"0":"post-161534","1":"post","2":"type-post","3":"status-publish","4":"format-standard","5":"has-post-thumbnail","7":"category-desporto","8":"tag-desporto","9":"tag-noticias","10":"tag-portugal","11":"tag-pt","12":"tag-rtp","13":"tag-rtp-noticias","14":"tag-sports"},"share_on_mastodon":{"url":"https:\/\/pubeurope.com\/@pt\/115595501141487265","error":""},"_links":{"self":[{"href":"https:\/\/www.europesays.com\/pt\/wp-json\/wp\/v2\/posts\/161534","targetHints":{"allow":["GET"]}}],"collection":[{"href":"https:\/\/www.europesays.com\/pt\/wp-json\/wp\/v2\/posts"}],"about":[{"href":"https:\/\/www.europesays.com\/pt\/wp-json\/wp\/v2\/types\/post"}],"author":[{"embeddable":true,"href":"https:\/\/www.europesays.com\/pt\/wp-json\/wp\/v2\/users\/2"}],"replies":[{"embeddable":true,"href":"https:\/\/www.europesays.com\/pt\/wp-json\/wp\/v2\/comments?post=161534"}],"version-history":[{"count":0,"href":"https:\/\/www.europesays.com\/pt\/wp-json\/wp\/v2\/posts\/161534\/revisions"}],"wp:featuredmedia":[{"embeddable":true,"href":"https:\/\/www.europesays.com\/pt\/wp-json\/wp\/v2\/media\/161535"}],"wp:attachment":[{"href":"https:\/\/www.europesays.com\/pt\/wp-json\/wp\/v2\/media?parent=161534"}],"wp:term":[{"taxonomy":"category","embeddable":true,"href":"https:\/\/www.europesays.com\/pt\/wp-json\/wp\/v2\/categories?post=161534"},{"taxonomy":"post_tag","embeddable":true,"href":"https:\/\/www.europesays.com\/pt\/wp-json\/wp\/v2\/tags?post=161534"}],"curies":[{"name":"wp","href":"https:\/\/api.w.org\/{rel}","templated":true}]}}