{"id":161536,"date":"2025-11-22T21:40:40","date_gmt":"2025-11-22T21:40:40","guid":{"rendered":"https:\/\/www.europesays.com\/pt\/161536\/"},"modified":"2025-11-22T21:40:40","modified_gmt":"2025-11-22T21:40:40","slug":"unidade-de-triagem-da-lipor-e-capaz-de-processar-50-toneladas-de-roupa-por-ano","status":"publish","type":"post","link":"https:\/\/www.europesays.com\/pt\/161536\/","title":{"rendered":"Unidade de triagem da Lipor \u00e9 capaz de processar 50 toneladas de roupa por ano"},"content":{"rendered":"<p data-remotead-prev-elm=\"true\" data-remotead-elm-id=\"inread\">Camisolas, blusas e bolsas de todos os tamanhos, cores e feitios est\u00e3o colocadas em contentores, prestes a entrar numa m\u00e1quina que faz a triagem t\u00eaxtil. Aquele vestu\u00e1rio, que j\u00e1 cobriu corpos e teve, em alguns casos, tantas vidas, est\u00e1 a ser preparado por funcion\u00e1rios para, um dia, poder &#8220;fechar o ciclo&#8221; e dar origem a uma verdadeira circularidade da roupa. O caminho \u00e9 longo e complexo, mas Portugal quer estar na vanguarda, ouviu o JN nas instala\u00e7\u00f5es da Lipor, no in\u00edcio de novembro.<\/p>\n","protected":false},"excerpt":{"rendered":"Camisolas, blusas e bolsas de todos os tamanhos, cores e feitios est\u00e3o colocadas em contentores, prestes a entrar&hellip;\n","protected":false},"author":2,"featured_media":161537,"comment_status":"","ping_status":"","sticky":false,"template":"","format":"standard","meta":{"footnotes":""},"categories":[10],"tags":[27,28,4402,15,16,14,25,26,34362,21,22,619,12,13,19,20,32,23,24,33,34363,17,18,29,30,31],"class_list":{"0":"post-161536","1":"post","2":"type-post","3":"status-publish","4":"format-standard","5":"has-post-thumbnail","7":"category-portugal","8":"tag-breaking-news","9":"tag-breakingnews","10":"tag-economia-circular","11":"tag-featured-news","12":"tag-featurednews","13":"tag-headlines","14":"tag-latest-news","15":"tag-latestnews","16":"tag-lipor","17":"tag-main-news","18":"tag-mainnews","19":"tag-nacional","20":"tag-news","21":"tag-noticias","22":"tag-noticias-principais","23":"tag-noticiasprincipais","24":"tag-portugal","25":"tag-principais-noticias","26":"tag-principaisnoticias","27":"tag-pt","28":"tag-residuos-texteis","29":"tag-top-stories","30":"tag-topstories","31":"tag-ultimas","32":"tag-ultimas-noticias","33":"tag-ultimasnoticias"},"share_on_mastodon":{"url":"https:\/\/pubeurope.com\/@pt\/115595524556944297","error":""},"_links":{"self":[{"href":"https:\/\/www.europesays.com\/pt\/wp-json\/wp\/v2\/posts\/161536","targetHints":{"allow":["GET"]}}],"collection":[{"href":"https:\/\/www.europesays.com\/pt\/wp-json\/wp\/v2\/posts"}],"about":[{"href":"https:\/\/www.europesays.com\/pt\/wp-json\/wp\/v2\/types\/post"}],"author":[{"embeddable":true,"href":"https:\/\/www.europesays.com\/pt\/wp-json\/wp\/v2\/users\/2"}],"replies":[{"embeddable":true,"href":"https:\/\/www.europesays.com\/pt\/wp-json\/wp\/v2\/comments?post=161536"}],"version-history":[{"count":0,"href":"https:\/\/www.europesays.com\/pt\/wp-json\/wp\/v2\/posts\/161536\/revisions"}],"wp:featuredmedia":[{"embeddable":true,"href":"https:\/\/www.europesays.com\/pt\/wp-json\/wp\/v2\/media\/161537"}],"wp:attachment":[{"href":"https:\/\/www.europesays.com\/pt\/wp-json\/wp\/v2\/media?parent=161536"}],"wp:term":[{"taxonomy":"category","embeddable":true,"href":"https:\/\/www.europesays.com\/pt\/wp-json\/wp\/v2\/categories?post=161536"},{"taxonomy":"post_tag","embeddable":true,"href":"https:\/\/www.europesays.com\/pt\/wp-json\/wp\/v2\/tags?post=161536"}],"curies":[{"name":"wp","href":"https:\/\/api.w.org\/{rel}","templated":true}]}}