{"id":161538,"date":"2025-11-22T21:41:18","date_gmt":"2025-11-22T21:41:18","guid":{"rendered":"https:\/\/www.europesays.com\/pt\/161538\/"},"modified":"2025-11-22T21:41:18","modified_gmt":"2025-11-22T21:41:18","slug":"tap-cancela-voo-para-caracas-apos-aviso-dos-eua-observador","status":"publish","type":"post","link":"https:\/\/www.europesays.com\/pt\/161538\/","title":{"rendered":"TAP cancela voo para Caracas ap\u00f3s aviso dos EUA \u2013 Observador"},"content":{"rendered":"<p>Os passageiros que iam viajar, este s\u00e1bado de manh\u00e3, partindo de Lisboa para Caracas, na Venezuela, n\u00e3o chegaram a entrar no avi\u00e3o. O voo TP170 foi cancelado na sexta-feira, ao final da noite, uma vez que a companhia considerou que o espa\u00e7o a\u00e9reo n\u00e3o era \u201cseguro\u201d, depois de os EUA terem emitido um aviso nesse sentido.<\/p>\n<p>Fonte da TAP explicou ao Correio da Manh\u00e3, <a href=\"https:\/\/www.cmjornal.pt\/sociedade\/detalhe\/tap-cancela-voos-para-caracas-devido-a-instabilidade-politica-na-venezuela\" rel=\"nofollow noopener\" target=\"_blank\">que noticiou o assunto,<\/a> que a decis\u00e3o \u201cdecorre de informa\u00e7\u00e3o emitida pelas autoridades aeron\u00e1uticas dos EUA, que indica n\u00e3o estarem garantidas as condi\u00e7\u00f5es de seguran\u00e7a no espa\u00e7o a\u00e9reo venezuelano\u201d.<\/p>\n<p>A decis\u00e3o, prossegue a mesma fonte, visa \u201cgarantir a seguran\u00e7a dos passageiros e tripula\u00e7\u00e3o\u201d, sendo que todos os passageiros foram informados do cancelamento do voo e poder\u00e3o ser reembolsados.<\/p>\n<p>A Reuters <a href=\"https:\/\/www.reuters.com\/world\/americas\/us-warns-airlines-potential-hazards-when-flying-over-venezuela-2025-11-21\/\" rel=\"nofollow noopener\" target=\"_blank\">noticiava<\/a> esta sexta-feira que a Administra\u00e7\u00e3o da Avia\u00e7\u00e3o Federal dos Estados Unidos tinha, de facto, emitido um aviso relativamente a \u201csitua\u00e7\u00e3o potencialmente perigosa\u201d para os pilotos que sobrevoassem a Venezuela, explicando que com \u201ca situa\u00e7\u00e3o de seguran\u00e7a a piorar e a atividade militar aumentada na Venezuela e \u00e0 sua volta\u201d o risco para aparelhos a\u00e9reos aumenta.<\/p>\n<p>Como a ag\u00eancia tamb\u00e9m recordava, os Estados Unidos t\u00eam estado a posicionar-se militarmente de cada vez mais clara na regi\u00e3o, deslocando para l\u00e1 navios de guerra e um ca\u00e7a F-35. A administra\u00e7\u00e3o norte-americana tem bombardeado barcos que alegou servirem para trazer droga da Venezuela e outros pa\u00edses da Am\u00e9rica Latina.<\/p>\n","protected":false},"excerpt":{"rendered":"Os passageiros que iam viajar, este s\u00e1bado de manh\u00e3, partindo de Lisboa para Caracas, na Venezuela, n\u00e3o chegaram&hellip;\n","protected":false},"author":2,"featured_media":161539,"comment_status":"","ping_status":"","sticky":false,"template":"","format":"standard","meta":{"footnotes":""},"categories":[8],"tags":[27,28,476,90,15,16,14,25,26,21,22,12,13,19,20,32,23,24,33,1365,17,18,29,30,31],"class_list":{"0":"post-161538","1":"post","2":"type-post","3":"status-publish","4":"format-standard","5":"has-post-thumbnail","7":"category-principais-noticias","8":"tag-breaking-news","9":"tag-breakingnews","10":"tag-economia","11":"tag-empresas","12":"tag-featured-news","13":"tag-featurednews","14":"tag-headlines","15":"tag-latest-news","16":"tag-latestnews","17":"tag-main-news","18":"tag-mainnews","19":"tag-news","20":"tag-noticias","21":"tag-noticias-principais","22":"tag-noticiasprincipais","23":"tag-portugal","24":"tag-principais-noticias","25":"tag-principaisnoticias","26":"tag-pt","27":"tag-tap","28":"tag-top-stories","29":"tag-topstories","30":"tag-ultimas","31":"tag-ultimas-noticias","32":"tag-ultimasnoticias"},"share_on_mastodon":{"url":"https:\/\/pubeurope.com\/@pt\/115595528443372650","error":""},"_links":{"self":[{"href":"https:\/\/www.europesays.com\/pt\/wp-json\/wp\/v2\/posts\/161538","targetHints":{"allow":["GET"]}}],"collection":[{"href":"https:\/\/www.europesays.com\/pt\/wp-json\/wp\/v2\/posts"}],"about":[{"href":"https:\/\/www.europesays.com\/pt\/wp-json\/wp\/v2\/types\/post"}],"author":[{"embeddable":true,"href":"https:\/\/www.europesays.com\/pt\/wp-json\/wp\/v2\/users\/2"}],"replies":[{"embeddable":true,"href":"https:\/\/www.europesays.com\/pt\/wp-json\/wp\/v2\/comments?post=161538"}],"version-history":[{"count":0,"href":"https:\/\/www.europesays.com\/pt\/wp-json\/wp\/v2\/posts\/161538\/revisions"}],"wp:featuredmedia":[{"embeddable":true,"href":"https:\/\/www.europesays.com\/pt\/wp-json\/wp\/v2\/media\/161539"}],"wp:attachment":[{"href":"https:\/\/www.europesays.com\/pt\/wp-json\/wp\/v2\/media?parent=161538"}],"wp:term":[{"taxonomy":"category","embeddable":true,"href":"https:\/\/www.europesays.com\/pt\/wp-json\/wp\/v2\/categories?post=161538"},{"taxonomy":"post_tag","embeddable":true,"href":"https:\/\/www.europesays.com\/pt\/wp-json\/wp\/v2\/tags?post=161538"}],"curies":[{"name":"wp","href":"https:\/\/api.w.org\/{rel}","templated":true}]}}