{"id":161556,"date":"2025-11-22T22:20:25","date_gmt":"2025-11-22T22:20:25","guid":{"rendered":"https:\/\/www.europesays.com\/pt\/161556\/"},"modified":"2025-11-22T22:20:25","modified_gmt":"2025-11-22T22:20:25","slug":"vai-poder-visitar-o-pavilhao-do-conhecimento-sem-pagar-esta-segunda-feira-nit","status":"publish","type":"post","link":"https:\/\/www.europesays.com\/pt\/161556\/","title":{"rendered":"Vai poder visitar o Pavilh\u00e3o do Conhecimento sem pagar esta segunda-feira \u2014 NiT"},"content":{"rendered":"<p>Est\u00e1 a chegar mais uma Semana da Ci\u00eancia e da Tecnologia, iniciativa anual que celebra o Dia Nacional da Cultura Cient\u00edfica, assinalado a 24 de novembro. O evento vai conectar mais de 80 institui\u00e7\u00f5es ligadas \u00e0 ci\u00eancia que est\u00e3o a organizar quase mil atividades, de norte a sul do Pa\u00eds, passando pelas ilhas. Este ano, vai acontecer de 24 a 30 de novembro.<\/p>\n<p>A programa\u00e7\u00e3o \u00e9 vasta e pensada para todas as idades, mas algumas experi\u00eancias t\u00eam maior destaque.<strong> O Pavilh\u00e3o do Conhecimento, em Lisboa, vai ter a entrada gratuita a 24 de novembro, segunda-feira.<\/strong> O espa\u00e7o est\u00e1 a organizar v\u00e1rias atividades ao longo da semana, como a entrega de Pr\u00e9mios Ci\u00eancia Viva. \u00c9 necess\u00e1rio inscrever-se previamente no <a href=\"https:\/\/www.cienciaviva.pt\/forms\/semanact\/2025\/premios\/inscricao\" target=\"_blank\" rel=\"nofollow noopener\">site<\/a>.<\/p>\n<p>Ainda no primeiro dia do evento, pode assistir \u00e0 sess\u00e3o de cocria\u00e7\u00e3o \u201cA Ci\u00eancia da Ci\u00eancia Viva\u201d, das 14h30 \u00e0s 17 horas,. Vai ser apresentado o novo reposit\u00f3rio de publica\u00e7\u00f5es \u201cArquivo Vivo\u201d, com a participa\u00e7\u00e3o de Manuel Heitor, antigo Ministro da Ci\u00eancia, Tecnologia e Ensino Superior, entre 2015 e 2022. As <a href=\"https:\/\/www.cienciaviva.pt\/forms\/semanact\/2025\/ciencia-da-ciencia-viva\" target=\"_blank\" rel=\"nofollow noopener\">vagas<\/a> s\u00e3o limitadas.<\/p>\n<p>A 26 de novembro, vai receber, em parceria com a APDSI \u2014 Associa\u00e7\u00e3o para a Promo\u00e7\u00e3o e Desenvolvimento da Sociedade da Informa\u00e7\u00e3o \u2014, a confer\u00eancia \u201cDesafios da Intelig\u00eancia Artificial na Sa\u00fade\u201d, \u00e0s 8h30, com a dura\u00e7\u00e3o de quatro horas. A inten\u00e7\u00e3o \u00e9 percorrer o impacto, vantagens e desvantagens da Intelig\u00eancia Artificial na sa\u00fade.<\/p>\n<p>Ainda neste espa\u00e7o, h\u00e1 um espet\u00e1culo musical para as fam\u00edlias: \u201cO que \u00e9 que queres saber?\u201d vai estrear-se em Portugal. Tem sess\u00f5es nos dias 28 e 30 de novembro, \u00e0s 11 e \u00e0s 16 horas. Serve como apresenta\u00e7\u00e3o do livro da escritora In\u00eas Pupo e do m\u00fasico Gon\u00e7alo Pratas.<\/p>\n<p>Pode levar os mi\u00fados ao \u201cHospital dos Pequeninos\u201d, realizado pela Associa\u00e7\u00e3o de Estudantes da Faculdade de Medicina de Lisboa, durante o fim de semana (dias 29 e 30 de novembro).<\/p>\n<p>O Dia Nacional da Cultura Cient\u00edfica foi estabelecido em 1996, por Jos\u00e9 Mariano Gago, para homenagear R\u00f3mulo de Carvalho, um professor, poeta e divulgador de ci\u00eancia, que nasceu a 24 de novembro de 1906.<\/p>\n<p>A programa\u00e7\u00e3o completa da Semana da Ci\u00eancia e da Tecnologia 2025, um pouco por todo o Pa\u00eds, est\u00e1 no <a href=\"https:\/\/www.cienciaviva.pt\/semanact\/2025\/\" target=\"_blank\" rel=\"nofollow noopener\">site<\/a> da Ci\u00eancia Viva.<\/p>\n","protected":false},"excerpt":{"rendered":"Est\u00e1 a chegar mais uma Semana da Ci\u00eancia e da Tecnologia, iniciativa anual que celebra o Dia Nacional&hellip;\n","protected":false},"author":2,"featured_media":161557,"comment_status":"","ping_status":"","sticky":false,"template":"","format":"standard","meta":{"footnotes":""},"categories":[10],"tags":[27,28,15,16,14,25,26,21,22,12,13,19,20,32,23,24,33,17,18,29,30,31],"class_list":{"0":"post-161556","1":"post","2":"type-post","3":"status-publish","4":"format-standard","5":"has-post-thumbnail","7":"category-portugal","8":"tag-breaking-news","9":"tag-breakingnews","10":"tag-featured-news","11":"tag-featurednews","12":"tag-headlines","13":"tag-latest-news","14":"tag-latestnews","15":"tag-main-news","16":"tag-mainnews","17":"tag-news","18":"tag-noticias","19":"tag-noticias-principais","20":"tag-noticiasprincipais","21":"tag-portugal","22":"tag-principais-noticias","23":"tag-principaisnoticias","24":"tag-pt","25":"tag-top-stories","26":"tag-topstories","27":"tag-ultimas","28":"tag-ultimas-noticias","29":"tag-ultimasnoticias"},"share_on_mastodon":{"url":"https:\/\/pubeurope.com\/@pt\/115595681688111399","error":""},"_links":{"self":[{"href":"https:\/\/www.europesays.com\/pt\/wp-json\/wp\/v2\/posts\/161556","targetHints":{"allow":["GET"]}}],"collection":[{"href":"https:\/\/www.europesays.com\/pt\/wp-json\/wp\/v2\/posts"}],"about":[{"href":"https:\/\/www.europesays.com\/pt\/wp-json\/wp\/v2\/types\/post"}],"author":[{"embeddable":true,"href":"https:\/\/www.europesays.com\/pt\/wp-json\/wp\/v2\/users\/2"}],"replies":[{"embeddable":true,"href":"https:\/\/www.europesays.com\/pt\/wp-json\/wp\/v2\/comments?post=161556"}],"version-history":[{"count":0,"href":"https:\/\/www.europesays.com\/pt\/wp-json\/wp\/v2\/posts\/161556\/revisions"}],"wp:featuredmedia":[{"embeddable":true,"href":"https:\/\/www.europesays.com\/pt\/wp-json\/wp\/v2\/media\/161557"}],"wp:attachment":[{"href":"https:\/\/www.europesays.com\/pt\/wp-json\/wp\/v2\/media?parent=161556"}],"wp:term":[{"taxonomy":"category","embeddable":true,"href":"https:\/\/www.europesays.com\/pt\/wp-json\/wp\/v2\/categories?post=161556"},{"taxonomy":"post_tag","embeddable":true,"href":"https:\/\/www.europesays.com\/pt\/wp-json\/wp\/v2\/tags?post=161556"}],"curies":[{"name":"wp","href":"https:\/\/api.w.org\/{rel}","templated":true}]}}