{"id":161558,"date":"2025-11-22T22:23:24","date_gmt":"2025-11-22T22:23:24","guid":{"rendered":"https:\/\/www.europesays.com\/pt\/161558\/"},"modified":"2025-11-22T22:23:24","modified_gmt":"2025-11-22T22:23:24","slug":"ao-lado-do-marido-sandrina-pratas-anuncia-escolha-no-meio-de-tantas-aparencias","status":"publish","type":"post","link":"https:\/\/www.europesays.com\/pt\/161558\/","title":{"rendered":"Ao lado do marido, Sandrina Pratas anuncia escolha: &#8220;No meio de tantas apar\u00eancias&#8230;&#8221;"},"content":{"rendered":"<p>Recentemente, <a href=\"https:\/\/selfie.iol.pt\/famosos\/big-brother\/sandrina-pratas-descobre-problema-de-saude-da-filha-ainda-estou-a-processar-tudo\/20251119\/691dd4c9d34e3caad84b73fe\" target=\"_blank\" rel=\"nofollow noopener\">Sandrina Pratas<\/a> recuperou uma fotografia captada na praia e na qual posa com o marido, Lucas Santos.<\/p>\n<p>Na legenda da descri\u00e7\u00e3o, a finalista do &#8220;<a href=\"https:\/\/tvi.iol.pt\/bigbrother\/\" target=\"_blank\" rel=\"nofollow noopener\">Big Brother<\/a> 2020&#8243; deixou um esclarecimento sobre a vida do casal: &#8220;Talvez n\u00e3o tenhamos fama, nem milh\u00f5es de seguidores\u2026 N\u00e3o vivemos de festas de luxo, nem de casas enormes. Mas temos algo que ningu\u00e9m nos pode tirar: a verdade do nosso amor e a for\u00e7a da nossa fam\u00edlia.&#8221;<\/p>\n<p>&#8220;No meio de tantas apar\u00eancias, escolhemos ser reais. Escolhemos caminhar juntos, apoiarmo-nos, construir tudo com esfor\u00e7o e cora\u00e7\u00e3o. E \u00e9 por isso que, para mim, o melhor influencer do mundo \u00e9 a nossa fam\u00edlia&#8221;, acrescentou ainda.<\/p>\n<p>Veja, agora, a imagem partilhada por Sandrina Pratas na galeria de fotografias que prepar\u00e1mos para si.<\/p>\n","protected":false},"excerpt":{"rendered":"Recentemente, Sandrina Pratas recuperou uma fotografia captada na praia e na qual posa com o marido, Lucas Santos.&hellip;\n","protected":false},"author":2,"featured_media":161559,"comment_status":"","ping_status":"","sticky":false,"template":"","format":"standard","meta":{"footnotes":""},"categories":[145],"tags":[48,2632,1651,211,210,114,115,980,1015,619,32,33,1014,2161,1315,1012,162],"class_list":{"0":"post-161558","1":"post","2":"type-post","3":"status-publish","4":"format-standard","5":"has-post-thumbnail","7":"category-celebridades","8":"tag-big-brother","9":"tag-casa-dos-segredos","10":"tag-casal","11":"tag-celebridades","12":"tag-celebrities","13":"tag-entertainment","14":"tag-entretenimento","15":"tag-famosos","16":"tag-instagram","17":"tag-nacional","18":"tag-portugal","19":"tag-pt","20":"tag-reality-show","21":"tag-sandrina-pratas","22":"tag-secret-story","23":"tag-selfie","24":"tag-tvi"},"share_on_mastodon":{"url":"https:\/\/pubeurope.com\/@pt\/115595693433215976","error":""},"_links":{"self":[{"href":"https:\/\/www.europesays.com\/pt\/wp-json\/wp\/v2\/posts\/161558","targetHints":{"allow":["GET"]}}],"collection":[{"href":"https:\/\/www.europesays.com\/pt\/wp-json\/wp\/v2\/posts"}],"about":[{"href":"https:\/\/www.europesays.com\/pt\/wp-json\/wp\/v2\/types\/post"}],"author":[{"embeddable":true,"href":"https:\/\/www.europesays.com\/pt\/wp-json\/wp\/v2\/users\/2"}],"replies":[{"embeddable":true,"href":"https:\/\/www.europesays.com\/pt\/wp-json\/wp\/v2\/comments?post=161558"}],"version-history":[{"count":0,"href":"https:\/\/www.europesays.com\/pt\/wp-json\/wp\/v2\/posts\/161558\/revisions"}],"wp:featuredmedia":[{"embeddable":true,"href":"https:\/\/www.europesays.com\/pt\/wp-json\/wp\/v2\/media\/161559"}],"wp:attachment":[{"href":"https:\/\/www.europesays.com\/pt\/wp-json\/wp\/v2\/media?parent=161558"}],"wp:term":[{"taxonomy":"category","embeddable":true,"href":"https:\/\/www.europesays.com\/pt\/wp-json\/wp\/v2\/categories?post=161558"},{"taxonomy":"post_tag","embeddable":true,"href":"https:\/\/www.europesays.com\/pt\/wp-json\/wp\/v2\/tags?post=161558"}],"curies":[{"name":"wp","href":"https:\/\/api.w.org\/{rel}","templated":true}]}}