{"id":161560,"date":"2025-11-22T22:26:12","date_gmt":"2025-11-22T22:26:12","guid":{"rendered":"https:\/\/www.europesays.com\/pt\/161560\/"},"modified":"2025-11-22T22:26:12","modified_gmt":"2025-11-22T22:26:12","slug":"autor-de-my-hero-academia-celebra-conclusao-de-grande-batalha-com-arte","status":"publish","type":"post","link":"https:\/\/www.europesays.com\/pt\/161560\/","title":{"rendered":"Autor de My Hero Academia celebra conclus\u00e3o de grande batalha com arte"},"content":{"rendered":"<p>Autor de My Hero Academia celebra conclus\u00e3o de grande batalha com arte<\/p>\n<p>\n    Mang\u00e1s e Animes\n  <\/p>\n<p>\n    Not\u00edcia\n  <\/p>\n<p>\n      Kohei Horikoshi presenteou f\u00e3s ap\u00f3s a exibi\u00e7\u00e3o do epis\u00f3dio 167 do anime\n    <\/p>\n<p>      <img decoding=\"async\" class=\"reading-time__icon\" src=\"https:\/\/cdn.ome.lt\/static\/omelete25\/img\/clock-icon.svg\" alt=\"Omelete\"\/><\/p>\n<p>\n        1 min de leitura\n      <\/p>\n<p>            <img loading=\"lazy\" decoding=\"async\" class=\"action-buttons__icon\" src=\"https:\/\/cdn.ome.lt\/static\/omelete25\/img\/share-icon.svg\" alt=\"\u00cdcone compartilhamento\" width=\"24\" height=\"24\"\/><\/p>\n<p>        Compartilhar<\/p>\n<p>  <img decoding=\"async\" src=\"https:\/\/cdn.ome.lt\/static\/omelete\/img\/loading.svg\" alt=\"\"\/><\/p>\n<p>  <img decoding=\"async\" class=\"article__cover__image\" data-lazy-src-mob=\"\/\/cdn.ome.lt\/mVp21N74P9vWLbhYdGmAR2ZQYn4=\/570x0\/smart\/filters:format(webp)\/uploads\/conteudo\/fotos\/my-hero-academia-artes-batalha-final.jpg\" data-lazy-src=\"https:\/\/cdn.ome.lt\/qADUkHtfMyTCOiexlAR4arxZttc=\/987x0\/smart\/filters:format(webp)\/uploads\/conteudo\/fotos\/my-hero-academia-artes-batalha-final.jpg\" src=\"data:image\/png;base64,iVBORw0KGgoAAAANSUhEUgAAAAEAAAABCAQAAAC1HAwCAAAAC0lEQVR42mNkYAAAAAYAAjCB0C8AAAAASUVORK5CYII=\" alt=\"Cartaz da temporada final de My Hero Academia\" title=\"Cartaz da temporada final de My Hero Academia\" width=\"987\" height=\"555\" fetchpriority=\"high\"\/><\/p>\n<p dir=\"ltr\"><strong>My Hero Academia <\/strong>lan\u00e7ou o aguardado epis\u00f3dio 167 neste s\u00e1bado (22). Para comemorar o lan\u00e7amento do cap\u00edtulo, que colocou fim \u00e0 grande batalha da temporada, o mangak\u00e1 <strong>Kohei Horikoshi <\/strong>divulgou artes in\u00e9ditas de seus personagens.<\/p>\n<p dir=\"ltr\">As ilustra\u00e7\u00f5es in\u00e9ditas foram publicadas pelo artista em suas redes sociais. Elas trazem personagens-chave para os eventos mostrados no cap\u00edtulo mais recente do anime, ent\u00e3o prossiga tomando <strong>cuidado com poss\u00edveis spoilers<\/strong>. Confira abaixo:<\/p>\n<p>            Continua depois da Publicidade<\/p>\n<p>    Onde ver My Hero Academia em portugu\u00eas?<\/p>\n<p>As oito temporadas de My Hero Academia est\u00e3o dispon\u00edveis para streaming na <strong>Crunhcyroll<\/strong>. As primeiras temporadas do anime tamb\u00e9m podem ser assistidas na <strong>Netflix <\/strong>e no <strong>Prime Video<\/strong>.<\/p>\n<p>O anime segue Izuku Midoriya, Deku, um rapaz que nasceu sem sua singularidade em um mundo no qual o normal \u00e9 ter uma. Mesmo sem seus poderes, Midoriya ainda sonha em se tornar um super-her\u00f3i. Um dia, o protagonista ajuda o maior her\u00f3i do mundo, que para recompens\u00e1-lo, compartilha os seus poderes, o One for All.<\/p>\n<p>          Omelete Recomenda<\/p>\n<p class=\"lgpd__text\">\n      Ao continuar navegando, declaro que estou ciente e concordo com a nossa<br \/>\n      <a class=\"lgpd__link\" href=\"https:\/\/www.omeletecompany.com\/politica-privacidade\" target=\"_blank\" rel=\"nofollow noopener\">Pol\u00edtica de Privacidade<\/a><br \/>\n      bem como manifesto o consentimento quanto ao fornecimento e tratamento dos dados e cookies para as finalidades ali<br \/>\n      constantes.\n    <\/p>\n<p>    Aceitar<\/p>\n","protected":false},"excerpt":{"rendered":"Autor de My Hero Academia celebra conclus\u00e3o de grande batalha com arte Mang\u00e1s e Animes Not\u00edcia Kohei Horikoshi&hellip;\n","protected":false},"author":2,"featured_media":161561,"comment_status":"","ping_status":"","sticky":false,"template":"","format":"standard","meta":{"footnotes":""},"categories":[142],"tags":[114,115,32,33,151],"class_list":{"0":"post-161560","1":"post","2":"type-post","3":"status-publish","4":"format-standard","5":"has-post-thumbnail","7":"category-tv","8":"tag-entertainment","9":"tag-entretenimento","10":"tag-portugal","11":"tag-pt","12":"tag-tv"},"share_on_mastodon":{"url":"https:\/\/pubeurope.com\/@pt\/115595705532481097","error":""},"_links":{"self":[{"href":"https:\/\/www.europesays.com\/pt\/wp-json\/wp\/v2\/posts\/161560","targetHints":{"allow":["GET"]}}],"collection":[{"href":"https:\/\/www.europesays.com\/pt\/wp-json\/wp\/v2\/posts"}],"about":[{"href":"https:\/\/www.europesays.com\/pt\/wp-json\/wp\/v2\/types\/post"}],"author":[{"embeddable":true,"href":"https:\/\/www.europesays.com\/pt\/wp-json\/wp\/v2\/users\/2"}],"replies":[{"embeddable":true,"href":"https:\/\/www.europesays.com\/pt\/wp-json\/wp\/v2\/comments?post=161560"}],"version-history":[{"count":0,"href":"https:\/\/www.europesays.com\/pt\/wp-json\/wp\/v2\/posts\/161560\/revisions"}],"wp:featuredmedia":[{"embeddable":true,"href":"https:\/\/www.europesays.com\/pt\/wp-json\/wp\/v2\/media\/161561"}],"wp:attachment":[{"href":"https:\/\/www.europesays.com\/pt\/wp-json\/wp\/v2\/media?parent=161560"}],"wp:term":[{"taxonomy":"category","embeddable":true,"href":"https:\/\/www.europesays.com\/pt\/wp-json\/wp\/v2\/categories?post=161560"},{"taxonomy":"post_tag","embeddable":true,"href":"https:\/\/www.europesays.com\/pt\/wp-json\/wp\/v2\/tags?post=161560"}],"curies":[{"name":"wp","href":"https:\/\/api.w.org\/{rel}","templated":true}]}}