{"id":161562,"date":"2025-11-22T22:29:12","date_gmt":"2025-11-22T22:29:12","guid":{"rendered":"https:\/\/www.europesays.com\/pt\/161562\/"},"modified":"2025-11-22T22:29:12","modified_gmt":"2025-11-22T22:29:12","slug":"rodrigo-rego-junta-se-a-lista-que-conta-com-morata-huijsen-balotelli-ou-estrela-irlandesa-troy-parrot-benfica","status":"publish","type":"post","link":"https:\/\/www.europesays.com\/pt\/161562\/","title":{"rendered":"Rodrigo R\u00eago junta-se a lista que conta com Morata, Huijsen, Balotelli ou estrela irlandesa Troy Parrot &#8211; Benfica"},"content":{"rendered":"<p>                    19:01<\/p>\n<p>Mourinho tem apostado em v\u00e1rios jovens ao longo da carreira<\/p>\n<p class=\"\">&#13;<br \/>\n        Rodrigo R\u00eago foi a principal surpresa no onze do Benfica, frente ao Atl\u00e9tico. O jovem da forma\u00e7\u00e3o estreou-se pela equipa principal e, como Jos\u00e9 Mourinho referiu, n\u00e3o defraudou as expectativas. O extremo mostrou-se num bom n\u00edvel e justificou a aposta. Desde que chegou ao Benfica, foi o segundo elemento da forma\u00e7\u00e3o que o t\u00e9cnico lan\u00e7ou, depois de ter dado alguns minutos a Ivan Lima, na ronda anterior da prova rainha, frente ao Chaves. Uma aposta a que o t\u00e9cnico n\u00e3o deu seguimento, ao contr\u00e1rio do que se perspetiva que venha a acontecer com R\u00eago, pois Mourinho j\u00e1 garantiu que o ir\u00e1 levar para Amesterd\u00e3o, para o duelo com o Ajax.\u00a0&#13;\n    <\/p>\n<p>                        Para ler TODOS OS ARTIGOS RECORD PREMIUM durante o dia 22.11.2025 insira o seu n\u00famero de telem\u00f3vel e clique em OK<\/p>\n<p>Consulte a aplica\u00e7\u00e3o MBway no seu telem\u00f3vel e aceite a transa\u00e7\u00e3o&#13;\n                    <\/p>\n<p>                        Os seus dados n\u00e3o ser\u00e3o guardados pelo Record<\/p>\n<p>                    Por Valter Marques<\/p>\n","protected":false},"excerpt":{"rendered":"19:01 Mourinho tem apostado em v\u00e1rios jovens ao longo da carreira &#13; Rodrigo R\u00eago foi a principal surpresa&hellip;\n","protected":false},"author":2,"featured_media":161563,"comment_status":"","ping_status":"","sticky":false,"template":"","format":"standard","meta":{"footnotes":""},"categories":[87],"tags":[135,32,33,134],"class_list":{"0":"post-161562","1":"post","2":"type-post","3":"status-publish","4":"format-standard","5":"has-post-thumbnail","7":"category-desporto","8":"tag-desporto","9":"tag-portugal","10":"tag-pt","11":"tag-sports"},"share_on_mastodon":{"url":"https:\/\/pubeurope.com\/@pt\/115595717048973187","error":""},"_links":{"self":[{"href":"https:\/\/www.europesays.com\/pt\/wp-json\/wp\/v2\/posts\/161562","targetHints":{"allow":["GET"]}}],"collection":[{"href":"https:\/\/www.europesays.com\/pt\/wp-json\/wp\/v2\/posts"}],"about":[{"href":"https:\/\/www.europesays.com\/pt\/wp-json\/wp\/v2\/types\/post"}],"author":[{"embeddable":true,"href":"https:\/\/www.europesays.com\/pt\/wp-json\/wp\/v2\/users\/2"}],"replies":[{"embeddable":true,"href":"https:\/\/www.europesays.com\/pt\/wp-json\/wp\/v2\/comments?post=161562"}],"version-history":[{"count":0,"href":"https:\/\/www.europesays.com\/pt\/wp-json\/wp\/v2\/posts\/161562\/revisions"}],"wp:featuredmedia":[{"embeddable":true,"href":"https:\/\/www.europesays.com\/pt\/wp-json\/wp\/v2\/media\/161563"}],"wp:attachment":[{"href":"https:\/\/www.europesays.com\/pt\/wp-json\/wp\/v2\/media?parent=161562"}],"wp:term":[{"taxonomy":"category","embeddable":true,"href":"https:\/\/www.europesays.com\/pt\/wp-json\/wp\/v2\/categories?post=161562"},{"taxonomy":"post_tag","embeddable":true,"href":"https:\/\/www.europesays.com\/pt\/wp-json\/wp\/v2\/tags?post=161562"}],"curies":[{"name":"wp","href":"https:\/\/api.w.org\/{rel}","templated":true}]}}