{"id":161568,"date":"2025-11-22T22:37:12","date_gmt":"2025-11-22T22:37:12","guid":{"rendered":"https:\/\/www.europesays.com\/pt\/161568\/"},"modified":"2025-11-22T22:37:12","modified_gmt":"2025-11-22T22:37:12","slug":"virginia-celebra-nova-fase-de-jose-leonardo-seu-filho-com-ze-felipe-agora-e-oficial","status":"publish","type":"post","link":"https:\/\/www.europesays.com\/pt\/161568\/","title":{"rendered":"Virginia celebra nova fase de Jos\u00e9 Leonardo, seu filho com Z\u00e9 Felipe: \u2018Agora \u00e9 oficial\u2019"},"content":{"rendered":"<p>A influenciadora digital <a href=\"https:\/\/caras.com.br\/tags\/virginia-fonseca\" target=\"_blank\" rel=\"noopener nofollow\"><strong>Virginia Fonseca<\/strong><\/a> compartilhou detalhes da nova fase que est\u00e1 vivendo com o seu filho com o cantor \u00a0<a href=\"https:\/\/caras.com.br\/tags\/ze-felipe\" rel=\"nofollow noopener\" target=\"_blank\"><strong>Z\u00e9 Felipe<\/strong><\/a>, o pequeno\u00a0<strong>Jos\u00e9 Leonardo<\/strong>, de um ano.<a href=\"https:\/\/caras.com.br\/musica\/maria-flor-faz-pergunta-inesperada-sobre-ana-castela-para-ze-felipe.phtml\" rel=\"nofollow noopener\" target=\"_blank\"> Na publica\u00e7\u00e3o,<\/a> ela mostrou que o pequeno j\u00e1 est\u00e1 andando e celebrou a novidade.<\/p>\n<p>Nos stories de seu perfil, a empres\u00e1ria publicou um v\u00eddeo em que o pequeno surge andando com pouca dificuldade e celebrou:\u00a0\u201cT\u00e1 andando gente, agora \u00e9 oficial! 1 ano e 2 meses\u201d, escreveu ela.<\/p>\n<p>Na \u00faltima quarta-feira, 19, <a href=\"https:\/\/caras.com.br\/atualidades\/virginia-mostra-os-primeiros-passos-do-filho-e-poliana-rocha-deixa-comentario.phtml\" rel=\"nofollow noopener\" target=\"_blank\">ela postou um v\u00eddeo dos primeiros passos do herdeiro.<\/a> \u201cRegistrando aqui os passinhos do nosso pr\u00edncipe! Quero ver quando esse menino come\u00e7ar a andar kkkkkkk. Se, sem andar, ele j\u00e1 causa\u2026 obrigada, Deus, pelos meus filhos\u201d, escreveu a apresentadora do SBT ao mostrar o menino andando cambaleando.<\/p>\n<p>Ao ver Jos\u00e9 Leonardo tentando andar, Poliana Rocha reagiu: \u201cQue lindo! Fiquei feliz\u201d, escreveu a m\u00e3e de Z\u00e9 Felipe.<\/p>\n<blockquote class=\"instagram-media\" style=\"background: #FFF; border: 0; border-radius: 3px; box-shadow: 0 0 1px 0 rgba(0,0,0,0.5),0 1px 10px 0 rgba(0,0,0,0.15); margin: 1px; max-width: 540px; min-width: 326px; padding: 0; width: calc(100% - 2px);\" data-instgrm-captioned=\"\" data-instgrm-permalink=\"https:\/\/www.instagram.com\/p\/DRXLqihlbrS\/?utm_source=ig_embed&amp;utm_campaign=loading\" data-instgrm-version=\"14\"><\/blockquote>\n<blockquote class=\"instagram-media\" style=\"background: #FFF; border: 0; border-radius: 3px; box-shadow: 0 0 1px 0 rgba(0,0,0,0.5),0 1px 10px 0 rgba(0,0,0,0.15); margin: 1px; max-width: 540px; min-width: 326px; padding: 0; width: calc(100% - 2px);\" data-instgrm-captioned=\"\" data-instgrm-permalink=\"https:\/\/www.instagram.com\/reel\/DRPUDLWjlo9\/?utm_source=ig_embed&amp;utm_campaign=loading\" data-instgrm-version=\"14\"><\/blockquote>\n<p>\t Virginia faltou ao ensaio da Grande Rio por causa dos filhos <\/p>\n<p>Nesta ter\u00e7a-feira, 18,\u00a0<a href=\"https:\/\/caras.com.br\/atualidades\/virginia-expoe-motivo-para-faltar-em-ensaio-da-grande-rio-nenhum-problema.phtml\" rel=\"nofollow noopener\" target=\"_blank\">Virginia Fonseca n\u00e3o marcou presen\u00e7a no ensaio da Grande Rio<\/a>, no Rio de Janeiro, j\u00e1 que estava com muita saudade dos filhos e precisar usar o tempo livre para encontr\u00e1-los. Com uma agenda cheia de compromissos, ela explicou que faltou no compromisso para sair com os herdeiros.<\/p>\n<p>\u201cJ\u00e1 vou avisando, n\u00e3o tem nada, nenhum problema, nenhuma treta, est\u00e1 todo mundo avisado, todo mundo em paz, s\u00f3 alegria, gra\u00e7as a deus\u201d,\u00a0esclareceu a loira, deixando claro que n\u00e3o tem quest\u00f5es com a escola de samba.<\/p>\n<p>Recentemente, o presidente de honra da Acad\u00eamicos do Grande Rio,\u00a0<strong><a href=\"https:\/\/caras.com.br\/tags\/jayder-soares\" rel=\"nofollow noopener\" target=\"_blank\">Jayder Soares<\/a><\/strong>, comentou sobre a atua\u00e7\u00e3o de\u00a0<a href=\"https:\/\/caras.com.br\/tags\/virginia\" rel=\"nofollow noopener\" target=\"_blank\"><strong>Virginia Fonseca<\/strong><\/a> como rainha de bateria da escola. Al\u00e9m disso, rebateu os rumores<a href=\"https:\/\/caras.com.br\/carnaval\/virginia-nao-consegue-sambar-e-cancela-aula-com-professora-da-grande-rio.phtml\" rel=\"nofollow noopener\" target=\"_blank\">\u00a0de que a influenciadora digital<\/a> teria demonstrado falta de compromisso. <a href=\"https:\/\/caras.com.br\/carnaval\/presidente-da-grande-rio-da-opiniao-sincera-sobre-frequencia-de-virginia-nos-ensaios.phtml\" rel=\"nofollow noopener\" target=\"_blank\">Veja o que ele disse!<\/a><\/p>\n<p>Leia tamb\u00e9m: <a href=\"https:\/\/caras.com.br\/atualidades\/virginia-revela-que-vini-jr-nao-usa-perfume.phtml\" rel=\"nofollow noopener\" target=\"_blank\">Virginia revela que Vini Jr n\u00e3o usa perfume<\/a><\/p>\n<p>        <a href=\"https:\/\/caras.com.br\/autor\/juliana-dracz\" rel=\"nofollow noopener\" target=\"_blank\">&#13;<br \/>\n          <img loading=\"lazy\" decoding=\"async\" alt=\"Juliana Dracz\" src=\"https:\/\/www.europesays.com\/pt\/wp-content\/uploads\/2025\/09\/436551461_2434711450057729_5105646040807821088_n_sqmd.png\" class=\"avatar avatar-115 photo rounded-circle\" height=\"115\" width=\"115\"\/>        <\/a><\/p>\n<p>Juliana Dracz \u00e9 rep\u00f3rter de conte\u00fado do site CARAS. Formada em Jornalismo pela Universidade Cat\u00f3lica de Bras\u00edlia, ela j\u00e1 trabalhou em grandes sites de entretenimento. Atualmente, escreve sobre novelas, celebridades e TV.<\/p>\n<p>\t                                            <script async src=\"\/\/www.instagram.com\/embed.js\"><\/script><\/p>\n","protected":false},"excerpt":{"rendered":"A influenciadora digital Virginia Fonseca compartilhou detalhes da nova fase que est\u00e1 vivendo com o seu filho com&hellip;\n","protected":false},"author":2,"featured_media":161569,"comment_status":"","ping_status":"","sticky":false,"template":"","format":"standard","meta":{"footnotes":""},"categories":[145],"tags":[211,210,114,115,17936,32,33,973,1445],"class_list":{"0":"post-161568","1":"post","2":"type-post","3":"status-publish","4":"format-standard","5":"has-post-thumbnail","7":"category-celebridades","8":"tag-celebridades","9":"tag-celebrities","10":"tag-entertainment","11":"tag-entretenimento","12":"tag-jose-leonardo","13":"tag-portugal","14":"tag-pt","15":"tag-virginia","16":"tag-ze-felipe"},"share_on_mastodon":{"url":"https:\/\/pubeurope.com\/@pt\/115595748806614362","error":""},"_links":{"self":[{"href":"https:\/\/www.europesays.com\/pt\/wp-json\/wp\/v2\/posts\/161568","targetHints":{"allow":["GET"]}}],"collection":[{"href":"https:\/\/www.europesays.com\/pt\/wp-json\/wp\/v2\/posts"}],"about":[{"href":"https:\/\/www.europesays.com\/pt\/wp-json\/wp\/v2\/types\/post"}],"author":[{"embeddable":true,"href":"https:\/\/www.europesays.com\/pt\/wp-json\/wp\/v2\/users\/2"}],"replies":[{"embeddable":true,"href":"https:\/\/www.europesays.com\/pt\/wp-json\/wp\/v2\/comments?post=161568"}],"version-history":[{"count":0,"href":"https:\/\/www.europesays.com\/pt\/wp-json\/wp\/v2\/posts\/161568\/revisions"}],"wp:featuredmedia":[{"embeddable":true,"href":"https:\/\/www.europesays.com\/pt\/wp-json\/wp\/v2\/media\/161569"}],"wp:attachment":[{"href":"https:\/\/www.europesays.com\/pt\/wp-json\/wp\/v2\/media?parent=161568"}],"wp:term":[{"taxonomy":"category","embeddable":true,"href":"https:\/\/www.europesays.com\/pt\/wp-json\/wp\/v2\/categories?post=161568"},{"taxonomy":"post_tag","embeddable":true,"href":"https:\/\/www.europesays.com\/pt\/wp-json\/wp\/v2\/tags?post=161568"}],"curies":[{"name":"wp","href":"https:\/\/api.w.org\/{rel}","templated":true}]}}