{"id":161577,"date":"2025-11-22T22:55:27","date_gmt":"2025-11-22T22:55:27","guid":{"rendered":"https:\/\/www.europesays.com\/pt\/161577\/"},"modified":"2025-11-22T22:55:27","modified_gmt":"2025-11-22T22:55:27","slug":"analise-ao-debate-a-independencia-e-o-argumento-de-gouveia-e-melo-mas-nao-o-favoreceu-no-frente-a-frente-com-cotrim","status":"publish","type":"post","link":"https:\/\/www.europesays.com\/pt\/161577\/","title":{"rendered":"An\u00e1lise ao debate: a independ\u00eancia \u00e9 o argumento de Gouveia e Melo, mas n\u00e3o o favoreceu no frente a frente com Cotrim"},"content":{"rendered":"<p>A independ\u00eancia \u00e9 um dos argumentos-chave da candidatura de Henrique Gouveia e Melo e foi por a\u00ed que Cotrim Figueiredo come\u00e7ou o debate, com um desafio direto ao seu opositor. E \u00e9 no debate sobre a independ\u00eancia ou n\u00e3o dos partidos que os comentadores do Expresso centram a sua aprecia\u00e7\u00e3o a este que foi o primeiro debate para ambos os candidatos. <\/p>\n<p><a href=\"https:\/\/expresso.pt\/subscrever?action=GEN&amp;channel=VID&amp;type=CAP&amp;source=WEB&amp;returnUrl=https:\/\/expresso.pt\/politica\/eleicoes\/presidenciais-2026\/2025-11-20-analise-ao-debate-a-independencia-e-o-argumento-de-gouveia-e-melo-mas-nao-o-favoreceu-no-frente-a-frente-com-cotrim--91e76ea3&amp;utm_source=expresso&amp;utm_medium=locked_article&amp;locked=true&amp;article_id=a1fe2cd8-7e22-4ec7-b043-d5b6c6373bd2&amp;author_id=Eunice+Louren\u00e7o,Tiago+Pereira+Santos&amp;category=Presidenciais+2026\" target=\"_self\" class=\"\" rel=\"nofollow noopener\">Subscrever<\/a>J\u00e1 \u00e9 Subscritor?Fa\u00e7a login e continue a ler<a href=\"http:\/\/expresso.pt\/codigo?redirectUrl=https:\/\/expresso.pt\/politica\/eleicoes\/presidenciais-2026\/2025-11-20-analise-ao-debate-a-independencia-e-o-argumento-de-gouveia-e-melo-mas-nao-o-favoreceu-no-frente-a-frente-com-cotrim--91e76ea3\" target=\"_self\" class=\"\" rel=\"nofollow noopener\">Inserir C\u00f3digo<\/a>Comprou o Expresso?Insira o c\u00f3digo presente na Revista E para continuar a ler<\/p>\n","protected":false},"excerpt":{"rendered":"A independ\u00eancia \u00e9 um dos argumentos-chave da candidatura de Henrique Gouveia e Melo e foi por a\u00ed que&hellip;\n","protected":false},"author":2,"featured_media":161578,"comment_status":"","ping_status":"","sticky":false,"template":"","format":"standard","meta":{"footnotes":""},"categories":[8],"tags":[27,28,15,16,14,25,26,21,22,12,13,19,20,32,23,24,33,17,18,29,30,31],"class_list":{"0":"post-161577","1":"post","2":"type-post","3":"status-publish","4":"format-standard","5":"has-post-thumbnail","7":"category-principais-noticias","8":"tag-breaking-news","9":"tag-breakingnews","10":"tag-featured-news","11":"tag-featurednews","12":"tag-headlines","13":"tag-latest-news","14":"tag-latestnews","15":"tag-main-news","16":"tag-mainnews","17":"tag-news","18":"tag-noticias","19":"tag-noticias-principais","20":"tag-noticiasprincipais","21":"tag-portugal","22":"tag-principais-noticias","23":"tag-principaisnoticias","24":"tag-pt","25":"tag-top-stories","26":"tag-topstories","27":"tag-ultimas","28":"tag-ultimas-noticias","29":"tag-ultimasnoticias"},"share_on_mastodon":{"url":"https:\/\/pubeurope.com\/@pt\/115595819466824354","error":""},"_links":{"self":[{"href":"https:\/\/www.europesays.com\/pt\/wp-json\/wp\/v2\/posts\/161577","targetHints":{"allow":["GET"]}}],"collection":[{"href":"https:\/\/www.europesays.com\/pt\/wp-json\/wp\/v2\/posts"}],"about":[{"href":"https:\/\/www.europesays.com\/pt\/wp-json\/wp\/v2\/types\/post"}],"author":[{"embeddable":true,"href":"https:\/\/www.europesays.com\/pt\/wp-json\/wp\/v2\/users\/2"}],"replies":[{"embeddable":true,"href":"https:\/\/www.europesays.com\/pt\/wp-json\/wp\/v2\/comments?post=161577"}],"version-history":[{"count":0,"href":"https:\/\/www.europesays.com\/pt\/wp-json\/wp\/v2\/posts\/161577\/revisions"}],"wp:featuredmedia":[{"embeddable":true,"href":"https:\/\/www.europesays.com\/pt\/wp-json\/wp\/v2\/media\/161578"}],"wp:attachment":[{"href":"https:\/\/www.europesays.com\/pt\/wp-json\/wp\/v2\/media?parent=161577"}],"wp:term":[{"taxonomy":"category","embeddable":true,"href":"https:\/\/www.europesays.com\/pt\/wp-json\/wp\/v2\/categories?post=161577"},{"taxonomy":"post_tag","embeddable":true,"href":"https:\/\/www.europesays.com\/pt\/wp-json\/wp\/v2\/tags?post=161577"}],"curies":[{"name":"wp","href":"https:\/\/api.w.org\/{rel}","templated":true}]}}