{"id":161613,"date":"2025-11-22T23:31:13","date_gmt":"2025-11-22T23:31:13","guid":{"rendered":"https:\/\/www.europesays.com\/pt\/161613\/"},"modified":"2025-11-22T23:31:13","modified_gmt":"2025-11-22T23:31:13","slug":"the-guardian-usa-classico-do-rock-ao-falar-da-prisao-de-bolsonaro","status":"publish","type":"post","link":"https:\/\/www.europesays.com\/pt\/161613\/","title":{"rendered":"The Guardian usa cl\u00e1ssico do Rock ao falar da pris\u00e3o de Bolsonaro"},"content":{"rendered":"<p class=\"font-base fw-bolder fs-3 lg:fs-4 line-compact text-primary d-flex gap-3 align-items-center no-styled\">\n<p>\t\t\t\tVeja o resumo da not\u00edcia!\t\t\t<\/p>\n<ul class=\"m-0 no-styled\">\n<li class=\"no-styled\">Pris\u00e3o de Jair Bolsonaro decretada por Alexandre de Moraes sob alega\u00e7\u00e3o de poss\u00edvel tentativa de fuga do pa\u00eds.<\/li>\n<li class=\"no-styled\">Pedido da PF ao STF ap\u00f3s v\u00eddeo de Fl\u00e1vio Bolsonaro convocar apoiadores para vig\u00edlia em frente \u00e0 casa do ex-presidente.<\/li>\n<li class=\"no-styled\">The Guardian publicou mat\u00e9ria sobre o des\u00e2nimo dos apoiadores e a iminente pris\u00e3o de Bolsonaro.<\/li>\n<li class=\"no-styled\">Artigo do The Guardian usa a can\u00e7\u00e3o &#8216;I Fought The Law&#8217; para metaforizar a luta de Bolsonaro contra a lei.<\/li>\n<li class=\"no-styled\">A can\u00e7\u00e3o &#8216;I Fought The Law&#8217;, sobre um homem preso ap\u00f3s entrar para o crime, possui diversas vers\u00f5es.<\/li>\n<li class=\"no-styled\">Bandas como The Clash, Dead Kennedys e Green Day regravaram a m\u00fasica &#8216;I Fought The Law&#8217; ao longo dos anos.<\/li>\n<\/ul>\n<p>Nesse dia 22 de novembro, o Brasil acordou com a not\u00edcia da pris\u00e3o de <strong>Jair Bolsonaro<\/strong>, ex-presidente do pa\u00eds.<\/p>\n<p>De acordo com as informa\u00e7\u00f5es de diversos ve\u00edculos, a decis\u00e3o foi tomada pelo Ministro do STF Alexandre de Moraes ap\u00f3s ind\u00edcios de uma poss\u00edvel fuga de Bolsonaro do pa\u00eds, como <a href=\"https:\/\/g1.globo.com\/politica\/noticia\/2025\/11\/22\/pedido-da-pf-na-madrugada-violacao-da-tornozeleira-veja-a-cronologia-da-prisao-de-bolsonaro.ghtml\" target=\"_blank\" rel=\"noreferrer noopener nofollow\">uma \u201cviola\u00e7\u00e3o grave\u201d da tornozeleira eletr\u00f4nica que ele vinha utilizando<\/a>.<\/p>\n<p>Al\u00e9m disso, outros fatores como postagens dos seus filhos e a proximidade com a embaixada dos EUA tamb\u00e9m fizeram com que Bolsonaro, antes em casa, fosse transferido aos cuidados da Pol\u00edcia Federal, j\u00e1 que entendeu-se que havia alto risco de fuga.<\/p>\n<p>A pr\u00f3pria PF fez o pedido para o STF ap\u00f3s um v\u00eddeo de Fl\u00e1vio Bolsonaro convocando seguidores do pai para fazer uma vig\u00edlia pr\u00f3xima \u00e0 sua casa no Rio de Janeiro, entendendo ela poderia \u201cganhar grande dimens\u00e3o, com a concentra\u00e7\u00e3o de centenas de adeptos do ex-presidente nas imedia\u00e7\u00f5es de sua resid\u00eancia, estendendo-se por muitos dias, de forma semelhante \u00e0s manifesta\u00e7\u00f5es estimuladas pela organiza\u00e7\u00e3o criminosa nas imedia\u00e7\u00f5es de instala\u00e7\u00f5es militares, especialmente no final do ano de 2022\u201d.<\/p>\n<p>The Guardian cita cl\u00e1ssico do Rock<\/p>\n<p><img loading=\"lazy\" decoding=\"async\" width=\"705\" height=\"768\" src=\"data:image\/svg+xml,%3Csvg%20xmlns=\" http:=\"\" alt=\"\" class=\"wp-image-703290\" data-lazy- data-lazy- data-lazy-src=\"https:\/\/www.europesays.com\/pt\/wp-content\/uploads\/2025\/11\/the-guardian-materia-bolsonaro-the-clash-705x768.jpg\"\/><\/p>\n<p>Durante toda a semana, houve v\u00e1rios sinais de que a pris\u00e3o de Bolsonaro estava pr\u00f3xima, e h\u00e1 dois dias o jornal brit\u00e2nico <a href=\"https:\/\/www.theguardian.com\/world\/2025\/nov\/20\/jair-bolsonaro-prison-former-president-brazil\" target=\"_blank\" rel=\"noreferrer noopener nofollow\">The Guardian<\/a> publicou uma mat\u00e9ria falando sobre isso.<\/p>\n<p>No texto, o jornalista Tom Phillips fala sobre como o clima era de des\u00e2nimo entre os apoiadores de Jair Bolsonaro, apontado como l\u00edder da trama golpista de 2023, e diz que a pris\u00e3o seria iminente.<\/p>\n<p>Para abrir o texto, Tom escolheu uma frase repetida \u00e0 exaust\u00e3o no cl\u00e1ssico <strong>\u201cI Fought The Law\u201d<\/strong>, can\u00e7\u00e3o escrita por <strong>Sonny Curtis <\/strong>do <strong>The Crickets <\/strong>em 1958 e inicialmente popularizada pelo grupo <strong>The Bobby Fuller Four <\/strong>em 1966.<\/p>\n<p>Na mat\u00e9ria, a introdu\u00e7\u00e3o serve para falar que Bolsonaro brigou contra a Lei, mas a Lei venceu, no contexto de que ele teria tentado acabar com a democracia no Brasil, organizando-se de forma a n\u00e3o permitir que seu sucessor, Lula, eleito democraticamente, tomasse posse como Presidente do pa\u00eds.<\/p>\n<p>Na can\u00e7\u00e3o original, a letra fala sobre um homem que entra para a vida do crime por desespero, j\u00e1 que se encontra sem dinheiro, e \u00e9 pego pela pol\u00edcia, tamb\u00e9m sendo preso.<\/p>\n<p>Vers\u00f5es Famosas de \u201cI Fought The Law\u201d<\/p>\n<p>Ao longo das d\u00e9cadas, bandas lend\u00e1rias do Rock e, principalmente do Punk, regravaram \u201cI Fought The Law\u201d.<\/p>\n<p>A mais famosa talvez seja a vers\u00e3o da banda brit\u00e2nica <strong><a href=\"https:\/\/www.tenhomaisdiscosqueamigos.com\/tag\/the-clash\" target=\"_blank\" rel=\"noreferrer noopener nofollow\">The Clash<\/a><\/strong>, lan\u00e7ada no EP <strong>The Cost Of Living <\/strong>(1979) na Inglaterra e na vers\u00e3o norte-americana de <strong>The Clash<\/strong>, \u00e1lbum de estreia de 1977 que s\u00f3 saino s Estados Unidos dois anos depois.<\/p>\n<p><strong><a href=\"https:\/\/www.tenhomaisdiscosqueamigos.com\/tag\/dead-kennedys\" target=\"_blank\" rel=\"noreferrer noopener nofollow\">Dead Kennedys<\/a>, <a href=\"https:\/\/www.tenhomaisdiscosqueamigos.com\/tag\/green-day\" target=\"_blank\" rel=\"noreferrer noopener nofollow\">Green Day<\/a> <\/strong>e <strong><a href=\"https:\/\/www.tenhomaisdiscosqueamigos.com\/tag\/grateful-dead\" target=\"_blank\" rel=\"noreferrer noopener nofollow\">Grateful Dead<\/a> <\/strong>s\u00e3o outros nomes que j\u00e1 gravaram ou tocaram vers\u00f5es da can\u00e7\u00e3o em shows e a\u00e7\u00f5es promocionais.<\/p>\n","protected":false},"excerpt":{"rendered":"Veja o resumo da not\u00edcia! Pris\u00e3o de Jair Bolsonaro decretada por Alexandre de Moraes sob alega\u00e7\u00e3o de poss\u00edvel&hellip;\n","protected":false},"author":2,"featured_media":161614,"comment_status":"","ping_status":"","sticky":false,"template":"","format":"standard","meta":{"footnotes":""},"categories":[141],"tags":[34379,114,115,15189,149,150,32,33,34380,34381],"class_list":{"0":"post-161613","1":"post","2":"type-post","3":"status-publish","4":"format-standard","5":"has-post-thumbnail","7":"category-musica","8":"tag-dead-kennedys","9":"tag-entertainment","10":"tag-entretenimento","11":"tag-green-day","12":"tag-music","13":"tag-musica","14":"tag-portugal","15":"tag-pt","16":"tag-the-clash","17":"tag-the-crickets"},"share_on_mastodon":{"url":"https:\/\/pubeurope.com\/@pt\/115595961024774410","error":""},"_links":{"self":[{"href":"https:\/\/www.europesays.com\/pt\/wp-json\/wp\/v2\/posts\/161613","targetHints":{"allow":["GET"]}}],"collection":[{"href":"https:\/\/www.europesays.com\/pt\/wp-json\/wp\/v2\/posts"}],"about":[{"href":"https:\/\/www.europesays.com\/pt\/wp-json\/wp\/v2\/types\/post"}],"author":[{"embeddable":true,"href":"https:\/\/www.europesays.com\/pt\/wp-json\/wp\/v2\/users\/2"}],"replies":[{"embeddable":true,"href":"https:\/\/www.europesays.com\/pt\/wp-json\/wp\/v2\/comments?post=161613"}],"version-history":[{"count":0,"href":"https:\/\/www.europesays.com\/pt\/wp-json\/wp\/v2\/posts\/161613\/revisions"}],"wp:featuredmedia":[{"embeddable":true,"href":"https:\/\/www.europesays.com\/pt\/wp-json\/wp\/v2\/media\/161614"}],"wp:attachment":[{"href":"https:\/\/www.europesays.com\/pt\/wp-json\/wp\/v2\/media?parent=161613"}],"wp:term":[{"taxonomy":"category","embeddable":true,"href":"https:\/\/www.europesays.com\/pt\/wp-json\/wp\/v2\/categories?post=161613"},{"taxonomy":"post_tag","embeddable":true,"href":"https:\/\/www.europesays.com\/pt\/wp-json\/wp\/v2\/tags?post=161613"}],"curies":[{"name":"wp","href":"https:\/\/api.w.org\/{rel}","templated":true}]}}