{"id":161619,"date":"2025-11-22T23:36:13","date_gmt":"2025-11-22T23:36:13","guid":{"rendered":"https:\/\/www.europesays.com\/pt\/161619\/"},"modified":"2025-11-22T23:36:13","modified_gmt":"2025-11-22T23:36:13","slug":"matter-1-5-e-lancado-com-suporte-para-camaras-e-novos-modelos-de-energia","status":"publish","type":"post","link":"https:\/\/www.europesays.com\/pt\/161619\/","title":{"rendered":"Matter 1.5 \u00e9 lan\u00e7ado com suporte para c\u00e2maras e novos modelos de energia"},"content":{"rendered":"<p>&#8211; Publicidade &#8211;<\/p>\n<p><strong>O Matter 1.5 chega com suporte para c\u00e2maras, novos modelos de fecho, sensores de solo e fun\u00e7\u00f5es avan\u00e7adas de energia, ampliando o alcance do ecossistema.<\/strong><\/p>\n<p>A <strong>Connectivity Standards Alliance<\/strong> apresentou o <strong>Matter 1.5<\/strong>, <a href=\"https:\/\/csa-iot.org\/newsroom\/matter-1-5-introduces-cameras-closures-and-enhanced-energy-management-capabilities\/\" target=\"_blank\" rel=\"noreferrer noopener external nofollow\" data-wpel-link=\"external\">numa atualiza\u00e7\u00e3o que alarga o protocolo a mais categorias de dispositivos e refor\u00e7a a interoperabilidade entre plataformas dom\u00e9sticas<\/a>. A nova vers\u00e3o introduz suporte oficial para c\u00e2maras, renova o modelo de fecho e acrescenta novas capacidades para energia, sensores de solo e mobilidade el\u00e9trica.<\/p>\n<p>O suporte para c\u00e2maras usa WebRTC para permitir transmiss\u00e3o bidirecional de \u00e1udio e v\u00eddeo, com acesso local ou remoto atrav\u00e9s de STUN e TURN. A partir desta base, o protocolo cresce com perfis que incluem m\u00faltiplos fluxos, controlos de panor\u00e2mica, inclina\u00e7\u00e3o e zoom, zonas de dete\u00e7\u00e3o, op\u00e7\u00f5es de privacidade e modos de grava\u00e7\u00e3o cont\u00ednua ou baseada em eventos. Apesar do refor\u00e7o t\u00e9cnico, as fabricantes mant\u00eam liberdade para oferecer aplica\u00e7\u00f5es e servi\u00e7os pr\u00f3prios, assegurando ao mesmo tempo compatibilidade com o ecossistema <a href=\"https:\/\/echoboomer.pt\/matter-1-4-inovacoes-casa-inteligente\/\" data-type=\"link\" data-id=\"https:\/\/echoboomer.pt\/matter-1-4-inovacoes-casa-inteligente\/\" data-wpel-link=\"internal\" target=\"_self\" rel=\"follow nofollow noopener\">Matter<\/a>.<\/p>\n<p>O novo modelo de fecho aproxima estores, cortinas, port\u00f5es e portas de garagem de um funcionamento mais consistente ao descrever movimentos como deslizar ou rodar de forma mais precisa. Esta abordagem permite controlar posi\u00e7\u00f5es com maior clareza e reduz discrep\u00e2ncias entre produtos, criando uma experi\u00eancia de utiliza\u00e7\u00e3o mais uniforme. Para al\u00e9m disso, o Matter 1.5 expande os cuidados das plantas com sensores de solo que medem humidade e temperatura e podem acionar automaticamente sistemas de rega ou v\u00e1lvulas compat\u00edveis.<\/p>\n<p>Na energia, a atualiza\u00e7\u00e3o estreia dispositivos dedicados a tarifas capazes de receber dados em tempo real sobre pre\u00e7os, modalidades e intensidade de carbono, abrindo caminho a ajustes autom\u00e1ticos conforme custos previstos, prefer\u00eancias do utilizador ou limites definidos pelos operadores. A medi\u00e7\u00e3o inteligente evolui com suporte para tarifas vari\u00e1veis, hist\u00f3ricos de consumo e comunica\u00e7\u00e3o direta de condi\u00e7\u00f5es de rede, permitindo que equipamentos respondam melhor \u00e0s exig\u00eancias de cada momento.<\/p>\n<p>O Matter 1.5 aposta ainda na mobilidade el\u00e9trica ao introduzir suporte certific\u00e1vel para estado de carga e carregamento bidirecional, preparando a integra\u00e7\u00e3o dom\u00e9stica para cen\u00e1rios como V2G e partilha energ\u00e9tica. A ado\u00e7\u00e3o do protocolo TCP complementa estas melhorias ao otimizar o tratamento de grandes volumes de dados, beneficiando c\u00e2maras, atualiza\u00e7\u00f5es de firmware e conte\u00fados de maior resolu\u00e7\u00e3o.<\/p>\n","protected":false},"excerpt":{"rendered":"&#8211; Publicidade &#8211; O Matter 1.5 chega com suporte para c\u00e2maras, novos modelos de fecho, sensores de solo&hellip;\n","protected":false},"author":2,"featured_media":161620,"comment_status":"","ping_status":"","sticky":false,"template":"","format":"standard","meta":{"footnotes":""},"categories":[84],"tags":[109,107,108,32,33,105,103,104,106,110],"class_list":{"0":"post-161619","1":"post","2":"type-post","3":"status-publish","4":"format-standard","5":"has-post-thumbnail","7":"category-ciencia-e-tecnologia","8":"tag-ciencia","9":"tag-ciencia-e-tecnologia","10":"tag-cienciaetecnologia","11":"tag-portugal","12":"tag-pt","13":"tag-science","14":"tag-science-and-technology","15":"tag-scienceandtechnology","16":"tag-technology","17":"tag-tecnologia"},"share_on_mastodon":{"url":"https:\/\/pubeurope.com\/@pt\/115595980477056761","error":""},"_links":{"self":[{"href":"https:\/\/www.europesays.com\/pt\/wp-json\/wp\/v2\/posts\/161619","targetHints":{"allow":["GET"]}}],"collection":[{"href":"https:\/\/www.europesays.com\/pt\/wp-json\/wp\/v2\/posts"}],"about":[{"href":"https:\/\/www.europesays.com\/pt\/wp-json\/wp\/v2\/types\/post"}],"author":[{"embeddable":true,"href":"https:\/\/www.europesays.com\/pt\/wp-json\/wp\/v2\/users\/2"}],"replies":[{"embeddable":true,"href":"https:\/\/www.europesays.com\/pt\/wp-json\/wp\/v2\/comments?post=161619"}],"version-history":[{"count":0,"href":"https:\/\/www.europesays.com\/pt\/wp-json\/wp\/v2\/posts\/161619\/revisions"}],"wp:featuredmedia":[{"embeddable":true,"href":"https:\/\/www.europesays.com\/pt\/wp-json\/wp\/v2\/media\/161620"}],"wp:attachment":[{"href":"https:\/\/www.europesays.com\/pt\/wp-json\/wp\/v2\/media?parent=161619"}],"wp:term":[{"taxonomy":"category","embeddable":true,"href":"https:\/\/www.europesays.com\/pt\/wp-json\/wp\/v2\/categories?post=161619"},{"taxonomy":"post_tag","embeddable":true,"href":"https:\/\/www.europesays.com\/pt\/wp-json\/wp\/v2\/tags?post=161619"}],"curies":[{"name":"wp","href":"https:\/\/api.w.org\/{rel}","templated":true}]}}