{"id":161621,"date":"2025-11-22T23:41:08","date_gmt":"2025-11-22T23:41:08","guid":{"rendered":"https:\/\/www.europesays.com\/pt\/161621\/"},"modified":"2025-11-22T23:41:08","modified_gmt":"2025-11-22T23:41:08","slug":"angelica-e-huck-recebem-dua-lipa-e-familia-em-casa-no-rj","status":"publish","type":"post","link":"https:\/\/www.europesays.com\/pt\/161621\/","title":{"rendered":"Ang\u00e9lica e Huck recebem Dua Lipa e fam\u00edlia em casa no RJ"},"content":{"rendered":"<p>Os apresentadores <b>Ang\u00e9lica<\/b> e<b> Luciano Huck <\/b>abriram a casa de praia em Angra dos Reis, no Rio de Janeiro, para receber <b>Dua Lipa<\/b> e seus familiares. O registro foi publicado por Huck no Instagram neste s\u00e1bado, 22.\u00a0<\/p>\n<p><a href=\"https:\/\/istoe.com.br\/dua-lipa-abre-album-de-cliques-pelo-rio\" target=\"_blank\" rel=\"noopener nofollow\"><strong>+ Dua Lipa abre \u00e1lbum de cliques pelo Rio: \u2018No meu cora\u00e7\u00e3o\u2019<\/strong><\/a><\/p>\n<p>\u201cUm enorme prazer estar com voc\u00eas. A casa \u00e9 de voc\u00eas \u2014 sempre super bem-vindos, de verdade\u201d, escreveu o apresentador em foto ao lado da artista, que est\u00e1 no pa\u00eds acompanhada dos pais e dos irm\u00e3os.<\/p>\n<p>Rina Lipa, irm\u00e3 da cantora, tamb\u00e9m mostrou imagens da visita realizada na tarde de sexta-feira, 21, postando foto de um dos c\u00e3es da fam\u00edlia Huck. Veja:<\/p>\n<p><img loading=\"lazy\" decoding=\"async\" aria-describedby=\"caption-attachment-5197815\" class=\"size-large wp-image-5197815\" src=\"https:\/\/www.europesays.com\/pt\/wp-content\/uploads\/2025\/11\/stories-dua-lipa-1024x576.jpg\" alt=\"Stories de Luciano Huck e Rina Lipa\" width=\"1024\" height=\"576\"  \/><\/p>\n<p id=\"caption-attachment-5197815\" class=\"wp-caption-text\">Stories de Luciano Huck e Rina Lipa<\/p>\n<p>Em passagem pelo Brasil com a turn\u00ea \u201cRadical Optimism Tour\u201d, Dua Lipa apresentou-se no MorumBis no s\u00e1bado, 15. A cantora tem mais um show agendado para este s\u00e1bado, 22, na Farmasi Arena, no Rio.<\/p>\n<blockquote class=\"instagram-media\" style=\"background: #FFF; border: 0; border-radius: 3px; box-shadow: 0 0 1px 0 rgba(0,0,0,0.5),0 1px 10px 0 rgba(0,0,0,0.15); margin: 1px; max-width: 540px; min-width: 326px; padding: 0; width: calc(100% - 2px);\" data-instgrm-captioned=\"\" data-instgrm-permalink=\"https:\/\/www.instagram.com\/p\/DRU2Ei4Dqhv\/?utm_source=ig_embed&amp;utm_campaign=loading\" data-instgrm-version=\"14\"\/><p><script async src=\"\/\/www.instagram.com\/embed.js\"><\/script><\/p>\n","protected":false},"excerpt":{"rendered":"Os apresentadores Ang\u00e9lica e Luciano Huck abriram a casa de praia em Angra dos Reis, no Rio de&hellip;\n","protected":false},"author":2,"featured_media":161622,"comment_status":"","ping_status":"","sticky":false,"template":"","format":"standard","meta":{"footnotes":""},"categories":[145],"tags":[211,210,114,115,32,33],"class_list":{"0":"post-161621","1":"post","2":"type-post","3":"status-publish","4":"format-standard","5":"has-post-thumbnail","7":"category-celebridades","8":"tag-celebridades","9":"tag-celebrities","10":"tag-entertainment","11":"tag-entretenimento","12":"tag-portugal","13":"tag-pt"},"share_on_mastodon":{"url":"https:\/\/pubeurope.com\/@pt\/115596000315425296","error":""},"_links":{"self":[{"href":"https:\/\/www.europesays.com\/pt\/wp-json\/wp\/v2\/posts\/161621","targetHints":{"allow":["GET"]}}],"collection":[{"href":"https:\/\/www.europesays.com\/pt\/wp-json\/wp\/v2\/posts"}],"about":[{"href":"https:\/\/www.europesays.com\/pt\/wp-json\/wp\/v2\/types\/post"}],"author":[{"embeddable":true,"href":"https:\/\/www.europesays.com\/pt\/wp-json\/wp\/v2\/users\/2"}],"replies":[{"embeddable":true,"href":"https:\/\/www.europesays.com\/pt\/wp-json\/wp\/v2\/comments?post=161621"}],"version-history":[{"count":0,"href":"https:\/\/www.europesays.com\/pt\/wp-json\/wp\/v2\/posts\/161621\/revisions"}],"wp:featuredmedia":[{"embeddable":true,"href":"https:\/\/www.europesays.com\/pt\/wp-json\/wp\/v2\/media\/161622"}],"wp:attachment":[{"href":"https:\/\/www.europesays.com\/pt\/wp-json\/wp\/v2\/media?parent=161621"}],"wp:term":[{"taxonomy":"category","embeddable":true,"href":"https:\/\/www.europesays.com\/pt\/wp-json\/wp\/v2\/categories?post=161621"},{"taxonomy":"post_tag","embeddable":true,"href":"https:\/\/www.europesays.com\/pt\/wp-json\/wp\/v2\/tags?post=161621"}],"curies":[{"name":"wp","href":"https:\/\/api.w.org\/{rel}","templated":true}]}}