{"id":161627,"date":"2025-11-22T23:47:23","date_gmt":"2025-11-22T23:47:23","guid":{"rendered":"https:\/\/www.europesays.com\/pt\/161627\/"},"modified":"2025-11-22T23:47:23","modified_gmt":"2025-11-22T23:47:23","slug":"liga-arbitragens-de-santa-clara-sporting-e-benfica-casa-pia-com-notas-negativas","status":"publish","type":"post","link":"https:\/\/www.europesays.com\/pt\/161627\/","title":{"rendered":"Liga: arbitragens de Santa Clara-Sporting e Benfica-Casa Pia com notas negativas"},"content":{"rendered":"<p style=\"margin-bottom:11px\">O Conselho de Arbitragem da Federa\u00e7\u00e3o Portuguesa de Futebol divulgou nesta sexta-feira as avalia\u00e7\u00f5es sobre os jogos da 11.\u00aa jornada de Liga e II Liga. Depois da pol\u00e9mica, a FPF considerou insatisfat\u00f3rias as arbitragens no Santa Clara-Sporting e no Benfica-Casa Pia, o que tamb\u00e9m aconteceu no AVS-Gil Vicente.<\/p>\n<p>De resto, a pior avalia\u00e7\u00e3o fica associada ao Alverca-Rio Ave, com arbitragem e VAR a receberem notas negativas.<\/p>\n<p><strong>Consulte as avalia\u00e7\u00f5es na Liga.<\/strong><\/p>\n<p>Estoril Praia-Arouca<br \/>Arbitragem: Satisfat\u00f3rio;<br \/>VAR: Satisfat\u00f3rio.<\/p>\n<p>Alverca-Rio Ave<br \/>Arbitragem: Insatisfat\u00f3rio;<br \/>VAR:\u00a0Insatisfat\u00f3rio.<\/p>\n<p>Tondela-Vit\u00f3ria<br \/>Arbitragem: Satisfat\u00f3rio;<br \/>VAR: Muito Satisfat\u00f3rio.<\/p>\n<p><strong>Santa Clara-Sporting<\/strong><br \/>Arbitragem: Insatisfat\u00f3rio;<br \/>VAR: Satisfat\u00f3rio.<\/p>\n<p>AVS-Gil Vicente<br \/>Arbitragem: Insatisfat\u00f3rio;<br \/>VAR: Muito satisfat\u00f3rio.<\/p>\n<p>Estrela-Nacional<br \/>Arbitragem: Satisfat\u00f3rio;<br \/>VAR: Satisfat\u00f3rio.<\/p>\n<p><strong>Famalic\u00e3o-FC Porto<\/strong><br \/>Arbitragem: Satisfat\u00f3rio;<br \/>VAR: Satisfat\u00f3rio.<\/p>\n<p><strong>Benfica-Casa Pia<\/strong><br \/>Arbitragem: Insatisfat\u00f3rio;<br \/>VAR: Satisfat\u00f3rio.<\/p>\n<p>Sp. Braga-Moreirense<br \/>Arbitragem: Satisfat\u00f3rio;<br \/>VAR: Satisfat\u00f3rio.<\/p>\n","protected":false},"excerpt":{"rendered":"O Conselho de Arbitragem da Federa\u00e7\u00e3o Portuguesa de Futebol divulgou nesta sexta-feira as avalia\u00e7\u00f5es sobre os jogos da&hellip;\n","protected":false},"author":2,"featured_media":143707,"comment_status":"","ping_status":"","sticky":false,"template":"","format":"standard","meta":{"footnotes":""},"categories":[87],"tags":[51,12417,135,282,26650,5560,285,36,46,462,32,33,47,1233,34,134],"class_list":{"0":"post-161627","1":"post","2":"type-post","3":"status-publish","4":"format-standard","5":"has-post-thumbnail","7":"category-desporto","8":"tag-benfica","9":"tag-conselho-de-arbitragem","10":"tag-desporto","11":"tag-fc-porto","12":"tag-federacao","13":"tag-federacao-portuguesa-de-futebol","14":"tag-fpf","15":"tag-liga","16":"tag-maisfutebol","17":"tag-porto","18":"tag-portugal","19":"tag-pt","20":"tag-pura-paixao","21":"tag-sp-braga","22":"tag-sporting","23":"tag-sports"},"share_on_mastodon":{"url":"https:\/\/pubeurope.com\/@pt\/115596023766661074","error":""},"_links":{"self":[{"href":"https:\/\/www.europesays.com\/pt\/wp-json\/wp\/v2\/posts\/161627","targetHints":{"allow":["GET"]}}],"collection":[{"href":"https:\/\/www.europesays.com\/pt\/wp-json\/wp\/v2\/posts"}],"about":[{"href":"https:\/\/www.europesays.com\/pt\/wp-json\/wp\/v2\/types\/post"}],"author":[{"embeddable":true,"href":"https:\/\/www.europesays.com\/pt\/wp-json\/wp\/v2\/users\/2"}],"replies":[{"embeddable":true,"href":"https:\/\/www.europesays.com\/pt\/wp-json\/wp\/v2\/comments?post=161627"}],"version-history":[{"count":0,"href":"https:\/\/www.europesays.com\/pt\/wp-json\/wp\/v2\/posts\/161627\/revisions"}],"wp:featuredmedia":[{"embeddable":true,"href":"https:\/\/www.europesays.com\/pt\/wp-json\/wp\/v2\/media\/143707"}],"wp:attachment":[{"href":"https:\/\/www.europesays.com\/pt\/wp-json\/wp\/v2\/media?parent=161627"}],"wp:term":[{"taxonomy":"category","embeddable":true,"href":"https:\/\/www.europesays.com\/pt\/wp-json\/wp\/v2\/categories?post=161627"},{"taxonomy":"post_tag","embeddable":true,"href":"https:\/\/www.europesays.com\/pt\/wp-json\/wp\/v2\/tags?post=161627"}],"curies":[{"name":"wp","href":"https:\/\/api.w.org\/{rel}","templated":true}]}}