{"id":161628,"date":"2025-11-22T23:50:15","date_gmt":"2025-11-22T23:50:15","guid":{"rendered":"https:\/\/www.europesays.com\/pt\/161628\/"},"modified":"2025-11-22T23:50:15","modified_gmt":"2025-11-22T23:50:15","slug":"o-universo-ja-passou-do-seu-auge-e-tende-a-piorar-daqui-para-frente-segundo-um-novo-estudo","status":"publish","type":"post","link":"https:\/\/www.europesays.com\/pt\/161628\/","title":{"rendered":"O Universo j\u00e1 passou do seu auge e tende a piorar daqui para frente, segundo um novo estudo"},"content":{"rendered":"<p> <img decoding=\"async\" fetchpriority=\"high\" src=\"https:\/\/www.europesays.com\/pt\/wp-content\/uploads\/2025\/11\/o-universo-ja-passou-do-auge-dele-e-so-tende-a-piorar-daqui-para-frente-segundo-novo-estudo-17632257.png\"  width=\"768\" height=\"432\" alt=\"O Universo pode estar a apagar-se aos poucos e a tornar-se mais frio. Um novo estudo mostra que o auge de forma\u00e7\u00e3o estelar j\u00e1 passou. Cr\u00e9dito: JWST\/ESA\" title=\"O Universo pode estar a apagar-se aos poucos e a tornar-se mais frio. Um novo estudo mostra que o auge de forma\u00e7\u00e3o estelar j\u00e1 passou. Cr\u00e9dito: JWST\/ESA\" data-image=\"8oxz07pf0iuo\"\/>O Universo pode estar a apagar-se aos poucos e a tornar-se mais frio. Um novo estudo mostra que o auge de forma\u00e7\u00e3o estelar j\u00e1 passou. Cr\u00e9dito: JWST\/ESA   <img decoding=\"async\" fetchpriority=\"high\" src=\"https:\/\/www.europesays.com\/pt\/wp-content\/uploads\/2025\/11\/roberta-duarte.jpg\" alt=\"Roberta Duarte\" width=\"40\" height=\"40\"\/>    <a class=\"nombre text-hv\" href=\"https:\/\/www.tempo.pt\/autor\/roberta-duarte\/\" title=\"Roberta Duarte\" rel=\"nofollow noopener\" target=\"_blank\">Roberta Duarte<\/a> Meteored Brasil       22\/11\/2025 11:05   7 min   <\/p>\n<p>O Universo passou por um boom de forma\u00e7\u00e3o estelar h\u00e1 cerca de 10 bili\u00f5es de anos e, por isso, esse per\u00edodo \u00e9 conhecido pelos astr\u00f3nomos como a \u00e9poca do redshift 2 ou meio-dia c\u00f3smico. <strong>Nessa \u00e9poca, as gal\u00e1xias estavam a formar estrelas num ritmo at\u00e9 10 vezes maior do que vemos no Universo atual. <\/strong>Esse pico ainda \u00e9 um mist\u00e9rio e ainda se questiona o motivo disso ter acontecido naquela \u00e9poca. Uma das poss\u00edveis respostas \u00e9 a quantidade de colis\u00f5es entre gal\u00e1xias. <\/p>\n<p>Atualmente, vivemos na chamada Era das Estrelas, em que a forma\u00e7\u00e3o estelar ainda ocorre de forma significativa. <strong>No entanto, um novo estudo com base nos dados do Euclid mostra que esta produ\u00e7\u00e3o est\u00e1 a desacelerar continuamente.<\/strong> Apesar de as gal\u00e1xias ainda criarem estrelas, o ritmo diminui consideravelmente a cada bili\u00e3o de anos. Isto indica que estamos a entrar numa fase de transi\u00e7\u00e3o em que a forma\u00e7\u00e3o estelar come\u00e7a a perder for\u00e7a.<\/p>\n<p>A colabora\u00e7\u00e3o Euclid divulgou uma s\u00e9rie de artigos cient\u00edficos onde analisaram diferentes propriedades da distribui\u00e7\u00e3o de gal\u00e1xias e os componentes que constituem uma gal\u00e1xia. <strong>A<\/strong><strong>nalisaram grandes amostras de gal\u00e1xias e descobriram que estas est\u00e3o a formar cada vez menos estrelas porque possuem quantidades menores de g\u00e1s frio e poeira. <\/strong>\u00c0 medida que estes reservat\u00f3rios se esgotam, o Universo forma cada vez menos estrelas e o futuro fica mais frio.<\/p>\n<p>A Era das Estrelas<\/p>\n<p>Atualmente, <strong>vivemos numa era do Universo conhecida como a Era das Estrelas que come\u00e7ou quando o Universo tinha entre 100 a 200 milh\u00f5es de anos. <\/strong>Esta Era come\u00e7ou quando as primeiras estrelas, chamadas de estrelas de Popula\u00e7\u00e3o III, se formaram. Estas estrelas eram extremamente massivas e formadas a partir de hidrog\u00e9nio e h\u00e9lio. A partir delas, o Universo passou a produzir os primeiros elementos pesados e uma nova gera\u00e7\u00e3o de estrelas. <\/p>\n<p>As primeiras gal\u00e1xias foram essenciais para a forma\u00e7\u00e3o de elementos mais pesados do que hidrog\u00e9nio e h\u00e9lio. <\/p>\n<p>Esta Era que vivemos agora n\u00e3o ser\u00e1 eterna. <strong>T<\/strong><strong>erminar\u00e1 quando o reservat\u00f3rio de g\u00e1s frio das gal\u00e1xias for completamente consumido ou aquecido.<\/strong> Modelos cosmol\u00f3gicos indicam que, conforme a expans\u00e3o do Universo acelera e a densidade m\u00e9dia de mat\u00e9ria diminui, o g\u00e1s dispon\u00edvel continuar\u00e1 a rarear, impedindo a forma\u00e7\u00e3o de estrelas. Ap\u00f3s isso, o Universo entrar\u00e1 na chamada Era da Degeneresc\u00eancia, dominada por an\u00e3s brancas, estrelas de neutr\u00f5es e buracos negros.<\/p>\n<p>Como \u00e9 que as estrelas se formam?<\/p>\n<p>As estrelas formam-se quando regi\u00f5es densas de g\u00e1s e poeira interestelar sofrem um colapso gravitacional. Para que este processo ocorra, a gravidade precisa de ultrapassar a press\u00e3o interna do g\u00e1s, fazendo com que o material se comprima cada vez mais. <strong>\u00c0 medida que a nuvem colapsa, \u00e9 fragmentada em n\u00facleos menores, tornando-se em protoestrelas. <\/strong>Durante o colapso, a press\u00e3o no interior aumenta consideravelmente, causando o aumento da temperatura do n\u00facleo at\u00e9 atingir valores suficientes para iniciar as rea\u00e7\u00f5es de fus\u00e3o nuclear.<\/p>\n<p>Este processo s\u00f3 acontece quando h\u00e1 g\u00e1s frio dispon\u00edvel porque a baixa temperatura reduz a press\u00e3o t\u00e9rmica que resiste ao colapso gravitacional. <strong>Quanto mais frio o g\u00e1s, mais facilmente pode ser comprimido e mais massa pode acumular-se antes que a press\u00e3o impe\u00e7a o colapso. <\/strong>Em ambientes onde o g\u00e1s est\u00e1 quente, disperso ou ionizado, a forma\u00e7\u00e3o estelar torna-se muito menos eficiente.<\/p>\n<p>Papel da poeira<\/p>\n<p>Estas nuvens podem conter poeira tamb\u00e9m e quando o g\u00e1s frio colapsa e forma as estrelas, essas estrelas jovens acabam por aquecer a poeira. <strong>Gal\u00e1xias com altas taxas de forma\u00e7\u00e3o estelar tendem a apresentar poeira mais quente<\/strong>, j\u00e1 que essas temperaturas refletem a presen\u00e7a de estrelas massivas que emitem radia\u00e7\u00e3o, muitas vezes, intensa. Ent\u00e3o estudar a temperatura do g\u00e1s e da poeira nas gal\u00e1xias indicam como \u00e9 o processo de forma\u00e7\u00e3o estelar naquele local.<\/p>\n<p><img loading=\"lazy\" decoding=\"async\" fetchpriority=\"low\" class=\"lazy \" src=\"https:\/\/www.europesays.com\/pt\/wp-content\/uploads\/2025\/11\/1763312918_400_o-universo-ja-passou-do-auge-dele-e-so-tende-a-piorar-daqui-para-frente-segundo-novo-estudo-17632257.png\"  width=\"768\" height=\"432\" alt=\"As an\u00e1lises foram feitas usando dados do telesc\u00f3pio Euclid que analisou mais de 2 milh\u00f5es de gal\u00e1xias e as suas componentes. Cr\u00e9dito: Euclid Collaboration 2025\" title=\"As an\u00e1lises foram feitas usando dados do telesc\u00f3pio Euclid que analisou mais de 2 milh\u00f5es de gal\u00e1xias e as suas componentes. Cr\u00e9dito: Euclid Collaboration 2025\" data-image=\"c772ipdpy6vo\"\/>As an\u00e1lises foram feitas usando dados do telesc\u00f3pio Euclid que analisou mais de 2 milh\u00f5es de gal\u00e1xias e as suas componentes. Cr\u00e9dito: Euclid Collaboration 2025<\/p>\n<p>No estudo publicado pelo Euclid, os astr\u00f3nomos revelaram que o Universo est\u00e1 a ficar gradualmente mais frio e que a \u00e9poca de auge da forma\u00e7\u00e3o j\u00e1 passou. <strong>H\u00e1 cerca de 10 bili\u00f5es de anos, a temperatura m\u00e9dia dos gr\u00e3os de poeira nas gal\u00e1xias analisadas era aproximadamente 10 \u00b0C mais elevada.<\/strong> Esta diminui\u00e7\u00e3o na temperatura indica uma diminui\u00e7\u00e3o na forma\u00e7\u00e3o de estrelas e menos radia\u00e7\u00e3o a aquecer a poeira. Isto mostra que o Universo est\u00e1 a entrar numa fase menos produtiva em termos de atividade gal\u00e1ctica.<\/p>\n<p>O futuro \u00e9 gelado<\/p>\n<p>A conclus\u00e3o do estudo \u00e9 que o futuro do Universo parece cada vez mais frio e apagado sem muitas estrelas a brilhar no c\u00e9u. <strong>A colabora\u00e7\u00e3o Euclid chegou a estes resultados ap\u00f3s analisar um conjunto de dados \u00f3pticos do telesc\u00f3pio Euclid combinados com observa\u00e7\u00f5es de infravermelho do sat\u00e9lite Herschel. <\/strong>Juntas, essas medi\u00e7\u00f5es formam a maior amostra de gal\u00e1xias j\u00e1 estudada com cerca de 2,6 milh\u00f5es de gal\u00e1xias.<\/p>\n<p>Os resultados de trabalhos anteriores a esses tinham amostras muito menores e com aus\u00eancia de algumas popula\u00e7\u00f5es de gal\u00e1xias como as outliers. <strong>Essas outliers s\u00e3o gal\u00e1xias que s\u00e3o muito mais quentes ou muito mais frias do que a m\u00e9dia que observamos no Universo.<\/strong> Apesar dos resultados j\u00e1 esperados, a novidade do trabalho \u00e9 que o processo parece ter come\u00e7ado mais cedo do que se pensava. <\/p>\n<p>Refer\u00eancia da not\u00edcia<\/p>\n<p>Euclid Collaboration 2025 <strong><a href=\"https:\/\/eceb.astro.uni-bonn.de\/public\/coordinated_release\/hill_etal_q1b.pdf\" target=\"_blank\" rel=\"nofollow noopener\">The average far-infrared properties of Euclid-selected star-forming galaxies<\/a> <\/strong>Astronomy &amp; Astrophysics<\/p>\n","protected":false},"excerpt":{"rendered":"O Universo pode estar a apagar-se aos poucos e a tornar-se mais frio. Um novo estudo mostra que&hellip;\n","protected":false},"author":2,"featured_media":153978,"comment_status":"","ping_status":"","sticky":false,"template":"","format":"standard","meta":{"footnotes":""},"categories":[84],"tags":[443,109,107,108,3560,31903,19324,33173,32,33,105,103,104,106,110,2077],"class_list":{"0":"post-161628","1":"post","2":"type-post","3":"status-publish","4":"format-standard","5":"has-post-thumbnail","7":"category-ciencia-e-tecnologia","8":"tag-astronomia","9":"tag-ciencia","10":"tag-ciencia-e-tecnologia","11":"tag-cienciaetecnologia","12":"tag-estrelas","13":"tag-expansao-do-universo","14":"tag-galaxias","15":"tag-planetas-e-estrelas","16":"tag-portugal","17":"tag-pt","18":"tag-science","19":"tag-science-and-technology","20":"tag-scienceandtechnology","21":"tag-technology","22":"tag-tecnologia","23":"tag-universo"},"share_on_mastodon":{"url":"https:\/\/pubeurope.com\/@pt\/115596035878176594","error":""},"_links":{"self":[{"href":"https:\/\/www.europesays.com\/pt\/wp-json\/wp\/v2\/posts\/161628","targetHints":{"allow":["GET"]}}],"collection":[{"href":"https:\/\/www.europesays.com\/pt\/wp-json\/wp\/v2\/posts"}],"about":[{"href":"https:\/\/www.europesays.com\/pt\/wp-json\/wp\/v2\/types\/post"}],"author":[{"embeddable":true,"href":"https:\/\/www.europesays.com\/pt\/wp-json\/wp\/v2\/users\/2"}],"replies":[{"embeddable":true,"href":"https:\/\/www.europesays.com\/pt\/wp-json\/wp\/v2\/comments?post=161628"}],"version-history":[{"count":0,"href":"https:\/\/www.europesays.com\/pt\/wp-json\/wp\/v2\/posts\/161628\/revisions"}],"wp:featuredmedia":[{"embeddable":true,"href":"https:\/\/www.europesays.com\/pt\/wp-json\/wp\/v2\/media\/153978"}],"wp:attachment":[{"href":"https:\/\/www.europesays.com\/pt\/wp-json\/wp\/v2\/media?parent=161628"}],"wp:term":[{"taxonomy":"category","embeddable":true,"href":"https:\/\/www.europesays.com\/pt\/wp-json\/wp\/v2\/categories?post=161628"},{"taxonomy":"post_tag","embeddable":true,"href":"https:\/\/www.europesays.com\/pt\/wp-json\/wp\/v2\/tags?post=161628"}],"curies":[{"name":"wp","href":"https:\/\/api.w.org\/{rel}","templated":true}]}}