{"id":161631,"date":"2025-11-22T23:55:18","date_gmt":"2025-11-22T23:55:18","guid":{"rendered":"https:\/\/www.europesays.com\/pt\/161631\/"},"modified":"2025-11-22T23:55:18","modified_gmt":"2025-11-22T23:55:18","slug":"sbt-tv-virginia-recebe-surpresa-especial-de-vini-jr","status":"publish","type":"post","link":"https:\/\/www.europesays.com\/pt\/161631\/","title":{"rendered":"SBT TV | Virginia recebe surpresa especial de Vini Jr."},"content":{"rendered":"<p><strong>Virginia Fonseca <\/strong>compartilhou com os seguidores um gesto rom\u00e2ntico que recebeu do namorado,<strong> Vini Jr.<\/strong> A apresentadora mostrou o buqu\u00ea de rosas vermelhas que ganhou e comentou o carinho do jogador: &#8220;Saudades, amor, eu amei muito. Obrigada&#8221;.<\/p>\n<p class=\"related-link\"><strong><a href=\"https:\/\/www.sbt.com.br\/jornalismo\/fofocalizando\/noticia\/285310-jojo-todynho-comenta-ajuda-a-ambulantes-moral-e-para-quem-merece\" title=\"Jojo Todynho comenta ajuda a ambulantes: &#039;Moral \u00e9 para quem merece&#039;\" class=\"link_sbttv\" rel=\"nofollow noopener\" target=\"_blank\">+ Jojo Todynho comenta ajuda a ambulantes: &#8220;Moral \u00e9 para quem merece&#8221;<\/a><\/strong><\/p>\n<p class=\"related-link\"><strong><a href=\"https:\/\/www.sbt.com.br\/jornalismo\/fofocalizando\/noticia\/285311-dua-lipa-passeia-de-barco-com-luciano-huck-e-angelica-em-angra-dos-reis\" title=\"Dua Lipa passeia de barco com Luciano Huck e Angelica em Angra dos Reis\" class=\"link_sbttv\" rel=\"nofollow noopener\" target=\"_blank\">+ Dua Lipa passeia de barco com Luciano Huck e Angelica em Angra dos Reis<\/a><\/strong><\/p>\n<p class=\"related-link\"><strong><a href=\"https:\/\/www.sbt.com.br\/jornalismo\/fofocalizando\/noticia\/285309-virginia-revela-uso-de-hormonios-para-engravidar-eu-queria-muito\" title=\"Virginia revela uso de horm\u00f4nios para engravidar: &#039;Eu queria muito&#039;\" class=\"link_sbttv\" rel=\"nofollow noopener\" target=\"_blank\">+ Virginia revela uso de horm\u00f4nios para engravidar: &#8220;Eu queria muito&#8221;<\/a><\/strong><\/p>\n<p>A surpresa chegou no dia do retorno das lives da sua marca de beleza, tornando o momento ainda mais especial. Para comemorar a data, Vini enviou as flores junto com um recado afetivo no cart\u00e3o: &#8220;Feliz por esse dia especial para voc\u00ea! Saudades&#8221;.<\/p>\n<p>Nas redes, o gesto repercutiu r\u00e1pido, rendendo elogios dos f\u00e3s. Entre os coment\u00e1rios, seguidores escreveram: &#8220;Voc\u00ea merece tudo de bom dessa vida todinha&#8221;, &#8220;Voc\u00ea merece isso e muuuito mais&#8221; e &#8220;voc\u00ea merece isso e muito mais&#8221;.<br \/>\u00a0<\/p>\n<blockquote class=\"instagram-media\" data-instgrm-captioned=\"\" data-instgrm-permalink=\"https:\/\/www.instagram.com\/p\/DRVJpUQkuYF\/?utm_source=ig_embed&amp;utm_campaign=loading\" data-instgrm-version=\"14\"><p><a href=\"https:\/\/www.instagram.com\/p\/DRVJpUQkuYF\/?utm_source=ig_embed&amp;utm_campaign=loading\" target=\"_blank\" class=\"link_sbttv\" rel=\"nofollow noopener\"><\/a><a href=\"https:\/\/www.instagram.com\/p\/DRVJpUQkuYF\/?utm_source=ig_embed&amp;utm_campaign=loading\" target=\"_blank\" class=\"link_sbttv\" rel=\"nofollow noopener\">Ver essa foto no Instagram<\/a><\/p>\n<p><a href=\"https:\/\/www.instagram.com\/p\/DRVJpUQkuYF\/?utm_source=ig_embed&amp;utm_campaign=loading\" target=\"_blank\" class=\"link_sbttv\" rel=\"nofollow noopener\">Uma publica\u00e7\u00e3o compartilhada por Virginia (@virginia)<\/a><\/p>\n<\/blockquote>\n<p><script async src=\"\/\/www.instagram.com\/embed.js\"><\/script><\/p>\n","protected":false},"excerpt":{"rendered":"Virginia Fonseca compartilhou com os seguidores um gesto rom\u00e2ntico que recebeu do namorado, Vini Jr. A apresentadora mostrou&hellip;\n","protected":false},"author":2,"featured_media":161632,"comment_status":"","ping_status":"","sticky":false,"template":"","format":"standard","meta":{"footnotes":""},"categories":[145],"tags":[211,210,114,115,980,972,974,13710,1017,32,33,23558,973],"class_list":{"0":"post-161631","1":"post","2":"type-post","3":"status-publish","4":"format-standard","5":"has-post-thumbnail","7":"category-celebridades","8":"tag-celebridades","9":"tag-celebrities","10":"tag-entertainment","11":"tag-entretenimento","12":"tag-famosos","13":"tag-fofocalizando","14":"tag-fonseca","15":"tag-jr","16":"tag-namoro","17":"tag-portugal","18":"tag-pt","19":"tag-vini","20":"tag-virginia"},"share_on_mastodon":{"url":"https:\/\/pubeurope.com\/@pt\/115596055247769065","error":""},"_links":{"self":[{"href":"https:\/\/www.europesays.com\/pt\/wp-json\/wp\/v2\/posts\/161631","targetHints":{"allow":["GET"]}}],"collection":[{"href":"https:\/\/www.europesays.com\/pt\/wp-json\/wp\/v2\/posts"}],"about":[{"href":"https:\/\/www.europesays.com\/pt\/wp-json\/wp\/v2\/types\/post"}],"author":[{"embeddable":true,"href":"https:\/\/www.europesays.com\/pt\/wp-json\/wp\/v2\/users\/2"}],"replies":[{"embeddable":true,"href":"https:\/\/www.europesays.com\/pt\/wp-json\/wp\/v2\/comments?post=161631"}],"version-history":[{"count":0,"href":"https:\/\/www.europesays.com\/pt\/wp-json\/wp\/v2\/posts\/161631\/revisions"}],"wp:featuredmedia":[{"embeddable":true,"href":"https:\/\/www.europesays.com\/pt\/wp-json\/wp\/v2\/media\/161632"}],"wp:attachment":[{"href":"https:\/\/www.europesays.com\/pt\/wp-json\/wp\/v2\/media?parent=161631"}],"wp:term":[{"taxonomy":"category","embeddable":true,"href":"https:\/\/www.europesays.com\/pt\/wp-json\/wp\/v2\/categories?post=161631"},{"taxonomy":"post_tag","embeddable":true,"href":"https:\/\/www.europesays.com\/pt\/wp-json\/wp\/v2\/tags?post=161631"}],"curies":[{"name":"wp","href":"https:\/\/api.w.org\/{rel}","templated":true}]}}