{"id":161643,"date":"2025-11-23T00:08:11","date_gmt":"2025-11-23T00:08:11","guid":{"rendered":"https:\/\/www.europesays.com\/pt\/161643\/"},"modified":"2025-11-23T00:08:11","modified_gmt":"2025-11-23T00:08:11","slug":"aliados-da-ucrania-dizem-que-o-plano-de-paz-de-28-pontos-tem-de-ser-melhorado-negociacoes-comecam-este-domingo-em-genebra-e-contam-com-representantes-europeus","status":"publish","type":"post","link":"https:\/\/www.europesays.com\/pt\/161643\/","title":{"rendered":"Aliados da Ucr\u00e2nia dizem que o plano de paz de 28 pontos tem de ser melhorado. Negocia\u00e7\u00f5es come\u00e7am este domingo, em Genebra, e contam com representantes europeus"},"content":{"rendered":"<p>\t                Representantes da Ucr\u00e2nia, R\u00fassia e EUA juntam-se este domingo com os conselheiros de seguran\u00e7a nacional da Fran\u00e7a, Reino Unido, Alemanha e funcion\u00e1rios da Uni\u00e3o Europeia. Donald Trump deu \u00e0 Ucr\u00e2nia um prazo at\u00e9 27 de novembro para aceitar o plano de 28 pontos<\/p>\n<p>A Ucr\u00e2nia iniciar\u00e1 este domingo conversa\u00e7\u00f5es com os EUA sobre o <a href=\"https:\/\/cnnportugal.iol.pt\/guerra\/nato\/russia-16-11-ucrania-plano-de-paz-dos-eua-foi-divulgado-e-confirma-se-uma-vitoria-clara-de-putin\/20251120\/691f98f7d34e2bd5c6d43b4b\" target=\"_blank\" rel=\"nofollow noopener\">plano de paz de 28 pontos<\/a> proposto. Nesse encontro em Genebra, na Su\u00ed\u00e7a, estar\u00e3o tamb\u00e9m presentes os conselheiros de seguran\u00e7a nacional da Fran\u00e7a, Reino Unido, Alemanha e representantes da Uni\u00e3o Europeia.<\/p>\n<p>Nove funcion\u00e1rios ucranianos, incluindo Andriy Yermak, chefe do Gabinete do Presidente, e Kyrylo Budanov, chefe dos servi\u00e7os secretos militares do pa\u00eds, dever\u00e3o participar na reuni\u00e3o com altos funcion\u00e1rios dos EUA.<\/p>\n<p>A delega\u00e7\u00e3o de Washington incluir\u00e1 o Secret\u00e1rio de Estado dos EUA, Marco Rubio, e o enviado especial Steve Witkoff, informou a CNN, citando um funcion\u00e1rio n\u00e3o identificado.<\/p>\n<p>O presidente ucraniano, Volodymyr Zelensky, disse que tinha nomeado uma delega\u00e7\u00e3o para discutir com Washington o plano para travar a guerra da R\u00fassia na Ucr\u00e2nia: &#8220;Assinei um decreto sobre a composi\u00e7\u00e3o da delega\u00e7\u00e3o ucraniana e aprovei todas as diretivas relevantes&#8221;, afirmou Zelenskyy num v\u00eddeo. &#8220;Os nossos representantes sabem como proteger os interesses nacionais ucranianos e sabem exatamente o que \u00e9 necess\u00e1rio para impedir que a R\u00fassia realize uma terceira invas\u00e3o, um novo ataque contra a Ucr\u00e2nia&#8221;.<\/p>\n<p>Zelensky advertiu anteriormente que a Ucr\u00e2nia enfrentava \u201cum dos momentos mais dif\u00edceis da nossa hist\u00f3ria\u201d devido \u00e0 press\u00e3o dos EUA para aceitar o plano &#8211; cujos pormenores foram divulgados e s\u00e3o vistos como favor\u00e1veis a Moscovo.<\/p>\n<p>De acordo com Rustem Umerov, secret\u00e1rio do Conselho Nacional de Seguran\u00e7a e Defesa da Ucr\u00e2nia, a Ucr\u00e2nia est\u00e1 a entrar na \u00faltima fase das conversa\u00e7\u00f5es com os Estados Unidos com uma \u201ccompreens\u00e3o clara\u201d dos seus interesses nacionais, disse Umerov.<\/p>\n<p>O presidente dos EUA, Donald Trump, deu \u00e0 Ucr\u00e2nia um prazo at\u00e9 27 de novembro para aceitar o plano de 28 pontos, enquanto o presidente da R\u00fassia, Vladimir Putin, afirmou que este poderia ser a \u201cbase\u201d para um acordo.<\/p>\n<p>Macron e Starmer dispon\u00edveis para discutir o plano de 28 pontos <\/p>\n<p>O presidente franc\u00eas Emmanuel\u00a0Macron disse que o plano de paz apresentado pelos EUA para\u00a0p\u00f4r fim \u00e0 guerra entre a Ucr\u00e2nia e a R\u00fassia \u00e9 uma boa base de trabalho\u00a0mas precisa de ser revisto, com a participa\u00e7\u00e3o dos europeus.\u00a0&#8220;\u00c9 bom na medida em que prop\u00f5e a paz e reconhece elementos\u00a0importantes sobre quest\u00f5es de soberania, garantias de seguran\u00e7a&#8221;, disse aos rep\u00f3rteres \u00e0 margem da <a href=\"https:\/\/cnnportugal.iol.pt\/g20\/joanesburgo\/chefes-de-estado-e-de-governo-do-g20-adotam-declaracao-conjunta-apesar-da-ausencia-dos-eua\/20251122\/6921c8bdd34e3caad84b925a\" target=\"_blank\" rel=\"nofollow noopener\">reuni\u00e3o do G20<\/a> na \u00c1frica do Sul.\u00a0&#8220;Mas \u00e9 uma base de trabalho que precisa de ser revista, como fizemos no ver\u00e3o passado, porque este plano, em primeiro lugar, n\u00e3o foi\u00a0negociado com os europeus&#8221;, disse, citado pela Reuters.\u00a0&#8220;No entanto, estipula muitas coisas para os europeus. Os ativos congelados da R\u00fassia\u00a0s\u00e3o detidos pelos europeus. A integra\u00e7\u00e3o europeia da\u00a0Ucr\u00e2nia est\u00e1 nas m\u00e3os dos europeus&#8221;, disse Macron. &#8220;Portanto, h\u00e1 muitas coisas que n\u00e3o podem ser simplesmente uma proposta americana, que exigem uma consulta mais alargada&#8221;, acrescentou.\u00a0<\/p>\n<p>O primeiro-ministro brit\u00e2nico Keir Starmer falou por telefone com o presidente ucraniano Volodymyr\u00a0Zelensky e deepois fez tamb\u00e9m uma chamada ao presidente dos EUA, Donald Trump,\u00a0disse um porta-voz do governo brit\u00e2nico. Segundo a Reuters, Starmer reiterou o\u00a0&#8220;apoio firme \u00e0 Ucr\u00e2nia&#8221; da Gr\u00e3-Bretanha na sua conversa com\u00a0Zelenskiy e concordou com Trump que as equipas brit\u00e2nicas e americanas\u00a0trabalhariam em conjunto no plano de paz dos EUA para a Ucr\u00e2nia em Genebra\u00a0no domingo.\u00a0<\/p>\n<p>Tamb\u00e9m o presidente do Conselho Europeu, Ant\u00f3nio Costa, considera que\u00a0plano dos EUA de 28 pontos para a Ucr\u00e2nia inclui elementos importantes para uma paz duradoura, avan\u00e7a a Reuters.\u00a0Costa acrescentou que a Europa est\u00e1 preparado para assegurar um futuro de paz sustent\u00e1vel e que convidou os l\u00edderes dos 27 Estados-membros da Uni\u00e3o Europeia para discutir o tema \u00e0 margem da cimeira do G20.<\/p>\n<p>\u201cPenso que o foco agora est\u00e1 em Genebra amanh\u00e3 e se podemos fazer progressos amanh\u00e3 de manh\u00e3\u201d, disse o governante brit\u00e2nico aos jornalistas no G20, acrescentando\u00a0que, em caso de cessar-fogo, a Ucr\u00e2nia \u201ctem de ser capaz de se defender\u201d, raz\u00e3o pela qual ele e os seus aliados manifestaram a sua preocupa\u00e7\u00e3o relativamente aos limites impostos \u00e0s for\u00e7as armadas de Kiev. &#8220;O consenso foi que existem elementos no plano de 28 pontos que s\u00e3o essenciais para uma paz duradoura, mas que requerem trabalho adicional e que vamos empenhar-nos nesse sentido. \u00c9 por isso que foi acordado que, amanh\u00e3, em Genebra, estar\u00e3o presentes altos funcion\u00e1rios norte-americanos, conselheiros de seguran\u00e7a nacional europeus, incluindo o do Reino Unido, e ucranianos, para trabalhar no projeto\u201d.<\/p>\n<p>Trump quer acabar com a guerra &#8220;de uma forma ou de outra&#8221; <\/p>\n<p>Depois de na sexta-feira, ter dito que &#8220;s\u00e3o precisos dois para dan\u00e7ar o tango\u201d e ter amea\u00e7ado o presidente ucraniano, dizendo que\u00a0\u201c[Zelensky] vai ter de gostar do plano e, se n\u00e3o gostar, ent\u00e3o devem continuar a combater\u201d, este s\u00e1bado, o presidente norte-americano Donald Trump disse aos jornalistas que este plano de 28 pontos n\u00e3o \u00e9 ainda a sua &#8220;oferta final&#8221; \u00e0 Ucr\u00e2nia.<\/p>\n<p>\u201cN\u00e3o, n\u00e3o \u00e9 a minha oferta final\u201d, disse Trump, quando questionado pelos jornalistas. &#8220;Gostar\u00edamos de chegar \u00e0 paz. Isso j\u00e1 devia ter acontecido h\u00e1 muito tempo&#8221;.\u00a0&#8220;A guerra da Ucr\u00e2nia com a R\u00fassia nunca deveria ter acontecido. Se eu fosse presidente, nunca teria acontecido. Estamos a tentar acabar com ela. De uma forma ou de outra, temos de a acabar&#8221;, acrescentou.<\/p>\n<p>Aliados afirmam que o plano \u00e9 &#8220;uma boa base de trabalho&#8221; <\/p>\n<p>Em comunicado, os aliados da Ucr\u00e2nia na Europa, no Canad\u00e1 e no Jap\u00e3o afirmam que o plano cont\u00e9m elementos \u201cessenciais para uma paz justa e duradoura\u201d, mas referem preocupa\u00e7\u00f5es quanto \u00e0 altera\u00e7\u00e3o das fronteiras e \u00e0s limita\u00e7\u00f5es das for\u00e7as ucranianas, afirmando que o plano \u201cexige trabalho adicional\u201d.<\/p>\n<p>A declara\u00e7\u00e3o assinada este s\u00e1bado, durante a cimeira do G20 na \u00c1frica do Sul, foi assinada pelos l\u00edderes do Canad\u00e1, Finl\u00e2ndia, Fran\u00e7a, Irlanda, It\u00e1lia, Jap\u00e3o, Pa\u00edses Baixos, Espanha, Reino Unido, Alemanha e Noruega. Dois altos funcion\u00e1rios da UE tamb\u00e9m estavam entre os signat\u00e1rios.<\/p>\n<p>A declara\u00e7\u00e3o diz: &#8220;Acreditamos, portanto, que o projeto constitui uma base que exigir\u00e1 trabalho adicional. Estamos prontos a empenhar-nos para garantir que a paz futura seja sustent\u00e1vel. Estamos cientes do princ\u00edpio de que as fronteiras n\u00e3o devem ser alteradas pela for\u00e7a. Estamos igualmente preocupados com as limita\u00e7\u00f5es propostas para as for\u00e7as armadas da Ucr\u00e2nia, que a deixariam vulner\u00e1vel a futuros ataques\u201d.<\/p>\n<p>&#8220;A implementa\u00e7\u00e3o de decis\u00f5es relacionados com a Uni\u00e3o Europeia e com a NATO necessitar\u00e1 do consentimento dos membros da UE e da NATO, respetivamente&#8221;, acrescenta.<\/p>\n<p>A declara\u00e7\u00e3o foi assinada pelos l\u00edderes da Gr\u00e3-Bretanha, Fran\u00e7a, Alemanha, It\u00e1lia, Espanha, Pa\u00edses Baixos, Irlanda, Finl\u00e2ndia, Noruega e da UE, bem como pelos primeiros-ministros do Canad\u00e1 e do Jap\u00e3o, que dizem estar &#8220;prontos a empenhar-se para garantir que a paz futura seja sustent\u00e1vel\u201d.<\/p>\n<p>O plano de paz dos EUA, que foi amplamente divulgado, prop\u00f5e a retirada das tropas ucranianas da parte da regi\u00e3o oriental de Donetsk que controlam atualmente e o controlo russo de facto de Donetsk, bem como da regi\u00e3o vizinha de Luhansk e da pen\u00ednsula meridional da Crimeia, anexada pela R\u00fassia em 2014.<\/p>\n<p>O plano tamb\u00e9m inclui a fixa\u00e7\u00e3o das fronteiras das regi\u00f5es de Kherson e Zaporizhzhia, no sul da Ucr\u00e2nia, ao longo das atuais linhas de batalha. Ambas as regi\u00f5es est\u00e3o parcialmente ocupadas pela R\u00fassia.<\/p>\n<p>O projeto dos EUA tamb\u00e9m limitaria as for\u00e7as armadas ucranianas a 600.000 efetivos, com os ca\u00e7as europeus estacionados na vizinha Pol\u00f3nia.<\/p>\n<p>Kiev receberia \u201cgarantias de seguran\u00e7a fi\u00e1veis\u201d, diz o plano, embora n\u00e3o tenham sido dados pormenores. O documento diz que \u201cse espera\u201d que a R\u00fassia n\u00e3o invada os seus vizinhos e que a NATO n\u00e3o se expanda mais.<\/p>\n<p>O plano tamb\u00e9m sugere que a R\u00fassia ser\u00e1 \u201creintegrada na economia global\u201d, atrav\u00e9s do levantamento das san\u00e7\u00f5es e do convite \u00e0 R\u00fassia para voltar a fazer parte do G7, o grupo dos pa\u00edses mais poderosos do mundo &#8211; transformando-o novamente no G8.<\/p>\n","protected":false},"excerpt":{"rendered":"Representantes da Ucr\u00e2nia, R\u00fassia e EUA juntam-se este domingo com os conselheiros de seguran\u00e7a nacional da Fran\u00e7a, Reino&hellip;\n","protected":false},"author":2,"featured_media":161644,"comment_status":"","ping_status":"","sticky":false,"template":"","format":"standard","meta":{"footnotes":""},"categories":[8],"tags":[34383,609,836,611,27,28,607,608,333,832,604,135,610,92,476,413,15,16,301,830,14,603,25,26,570,21,22,831,833,62,834,12,13,19,20,835,602,52,32,23,24,33,839,17,18,840,29,30,31,2416],"class_list":{"0":"post-161643","1":"post","2":"type-post","3":"status-publish","4":"format-standard","5":"has-post-thumbnail","7":"category-principais-noticias","8":"tag-acordo-de-paz","9":"tag-alerta","10":"tag-analise","11":"tag-ao-minuto","12":"tag-breaking-news","13":"tag-breakingnews","14":"tag-cnn","15":"tag-cnn-portugal","16":"tag-comentadores","17":"tag-costa","18":"tag-crime","19":"tag-desporto","20":"tag-direto","21":"tag-donald-trump","22":"tag-economia","23":"tag-eua","24":"tag-featured-news","25":"tag-featurednews","26":"tag-governo","27":"tag-guerra","28":"tag-headlines","29":"tag-justica","30":"tag-latest-news","31":"tag-latestnews","32":"tag-live","33":"tag-main-news","34":"tag-mainnews","35":"tag-mais-vistas","36":"tag-marcelo","37":"tag-mundo","38":"tag-negocios","39":"tag-news","40":"tag-noticias","41":"tag-noticias-principais","42":"tag-noticiasprincipais","43":"tag-opiniao","44":"tag-pais","45":"tag-politica","46":"tag-portugal","47":"tag-principais-noticias","48":"tag-principaisnoticias","49":"tag-pt","50":"tag-russia","51":"tag-top-stories","52":"tag-topstories","53":"tag-ucrania","54":"tag-ultimas","55":"tag-ultimas-noticias","56":"tag-ultimasnoticias","57":"tag-volodymyr-zelensky"},"share_on_mastodon":{"url":"","error":"Validation failed: Text character limit of 500 exceeded"},"_links":{"self":[{"href":"https:\/\/www.europesays.com\/pt\/wp-json\/wp\/v2\/posts\/161643","targetHints":{"allow":["GET"]}}],"collection":[{"href":"https:\/\/www.europesays.com\/pt\/wp-json\/wp\/v2\/posts"}],"about":[{"href":"https:\/\/www.europesays.com\/pt\/wp-json\/wp\/v2\/types\/post"}],"author":[{"embeddable":true,"href":"https:\/\/www.europesays.com\/pt\/wp-json\/wp\/v2\/users\/2"}],"replies":[{"embeddable":true,"href":"https:\/\/www.europesays.com\/pt\/wp-json\/wp\/v2\/comments?post=161643"}],"version-history":[{"count":0,"href":"https:\/\/www.europesays.com\/pt\/wp-json\/wp\/v2\/posts\/161643\/revisions"}],"wp:featuredmedia":[{"embeddable":true,"href":"https:\/\/www.europesays.com\/pt\/wp-json\/wp\/v2\/media\/161644"}],"wp:attachment":[{"href":"https:\/\/www.europesays.com\/pt\/wp-json\/wp\/v2\/media?parent=161643"}],"wp:term":[{"taxonomy":"category","embeddable":true,"href":"https:\/\/www.europesays.com\/pt\/wp-json\/wp\/v2\/categories?post=161643"},{"taxonomy":"post_tag","embeddable":true,"href":"https:\/\/www.europesays.com\/pt\/wp-json\/wp\/v2\/tags?post=161643"}],"curies":[{"name":"wp","href":"https:\/\/api.w.org\/{rel}","templated":true}]}}