{"id":161654,"date":"2025-11-23T00:24:11","date_gmt":"2025-11-23T00:24:11","guid":{"rendered":"https:\/\/www.europesays.com\/pt\/161654\/"},"modified":"2025-11-23T00:24:11","modified_gmt":"2025-11-23T00:24:11","slug":"maira-cardi-presenteia-babas-com-iphones-17-e-relembra-apoio-a-ex-funcionarios","status":"publish","type":"post","link":"https:\/\/www.europesays.com\/pt\/161654\/","title":{"rendered":"Ma\u00edra Cardi presenteia bab\u00e1s com iPhones 17 e relembra apoio a ex-funcion\u00e1rios"},"content":{"rendered":"<p>Influenciadora contou que comprou os modelos mais avan\u00e7ados para as cuidadoras da filha e destacou gratid\u00e3o pelo trabalho da equipe.<\/p>\n<p id=\"paragrafo-v3oqk6jhi7\">\nMa\u00edra Cardi voltou a movimentar as redes sociais na noite de sexta-feira (21) ao revelar que decidiu presentear as bab\u00e1s de sua filha, Sophia, com iPhones 17, incluindo vers\u00f5es com 1TB de armazenamento, os mais caros da linha. Segundo ela, os aparelhos facilitam o dia a dia das profissionais e tamb\u00e9m fortalecem a comunica\u00e7\u00e3o com a fam\u00edlia. &gt;\n<\/p>\n<p id=\"paragrafo-ttwj6dw3ki\">\n\u201cComprei os \u00faltimos modelos, um com 1TB para ter bastante mem\u00f3ria. Sempre gosto de dar telefone para as bab\u00e1s porque elas usam muito: pra fotos da nen\u00e9m, colocar m\u00fasicas, para falar comigo\u201d, explicou.&gt;\n<\/p>\n<p id=\"paragrafo-p1btigxomz\">\nA influenciadora ainda elogiou o trabalho das cuidadoras, destacando o v\u00ednculo emocional criado com a filha. \u201cElas s\u00e3o incr\u00edveis! Cantam pra Eloah, oram pela vida dela\u2026 sou muito grata por ter pessoas t\u00e3o queridas e de princ\u00edpios ao nosso lado. A gente precisa cuidar bem de quem cuida da gente\u201d, completou.&gt;\n<\/p>\n<p id=\"paragrafo-s75kicjkcs\">\nAo falar sobre o gesto, Ma\u00edra tamb\u00e9m relembrou doa\u00e7\u00f5es que j\u00e1 fez a ex-funcion\u00e1rios, refor\u00e7ando seu compromisso em valorizar quem trabalha com ela.&gt;<\/p>\n","protected":false},"excerpt":{"rendered":"Influenciadora contou que comprou os modelos mais avan\u00e7ados para as cuidadoras da filha e destacou gratid\u00e3o pelo trabalho&hellip;\n","protected":false},"author":2,"featured_media":161655,"comment_status":"","ping_status":"","sticky":false,"template":"","format":"standard","meta":{"footnotes":""},"categories":[145],"tags":[211,210,114,115,32,33],"class_list":{"0":"post-161654","1":"post","2":"type-post","3":"status-publish","4":"format-standard","5":"has-post-thumbnail","7":"category-celebridades","8":"tag-celebridades","9":"tag-celebrities","10":"tag-entertainment","11":"tag-entretenimento","12":"tag-portugal","13":"tag-pt"},"share_on_mastodon":{"url":"https:\/\/pubeurope.com\/@pt\/115596169256059866","error":""},"_links":{"self":[{"href":"https:\/\/www.europesays.com\/pt\/wp-json\/wp\/v2\/posts\/161654","targetHints":{"allow":["GET"]}}],"collection":[{"href":"https:\/\/www.europesays.com\/pt\/wp-json\/wp\/v2\/posts"}],"about":[{"href":"https:\/\/www.europesays.com\/pt\/wp-json\/wp\/v2\/types\/post"}],"author":[{"embeddable":true,"href":"https:\/\/www.europesays.com\/pt\/wp-json\/wp\/v2\/users\/2"}],"replies":[{"embeddable":true,"href":"https:\/\/www.europesays.com\/pt\/wp-json\/wp\/v2\/comments?post=161654"}],"version-history":[{"count":0,"href":"https:\/\/www.europesays.com\/pt\/wp-json\/wp\/v2\/posts\/161654\/revisions"}],"wp:featuredmedia":[{"embeddable":true,"href":"https:\/\/www.europesays.com\/pt\/wp-json\/wp\/v2\/media\/161655"}],"wp:attachment":[{"href":"https:\/\/www.europesays.com\/pt\/wp-json\/wp\/v2\/media?parent=161654"}],"wp:term":[{"taxonomy":"category","embeddable":true,"href":"https:\/\/www.europesays.com\/pt\/wp-json\/wp\/v2\/categories?post=161654"},{"taxonomy":"post_tag","embeddable":true,"href":"https:\/\/www.europesays.com\/pt\/wp-json\/wp\/v2\/tags?post=161654"}],"curies":[{"name":"wp","href":"https:\/\/api.w.org\/{rel}","templated":true}]}}