{"id":161658,"date":"2025-11-23T00:30:22","date_gmt":"2025-11-23T00:30:22","guid":{"rendered":"https:\/\/www.europesays.com\/pt\/161658\/"},"modified":"2025-11-23T00:30:22","modified_gmt":"2025-11-23T00:30:22","slug":"esgueira-benfica-jogo-liga-betclic-feminina","status":"publish","type":"post","link":"https:\/\/www.europesays.com\/pt\/161658\/","title":{"rendered":"Esgueira Benfica Jogo Liga Betclic Feminina"},"content":{"rendered":"<p>                            <strong>RESUMO BTV<\/strong><\/p>\n<tr style=\"background-color: white; border-bottom: 1px solid white;\">\n<td style=\"font-weight: bold; font-size: 30px;\" colspan=\"4\">Liga Betclic Feminina<\/td>\n<\/tr>\n<tr>\n<td colspan=\"4\">7.\u00aa jornada<br \/>1.\u00aa fase<\/td>\n<\/tr>\n<tr>\n<td style=\"padding: 10px 0; background-color: #f2f2f2!important;\" colspan=\"4\"><strong>RESULTADO FINAL<br \/><\/strong><\/td>\n<\/tr>\n<tr>\n<td style=\"font-size: 20px;\" colspan=\"4\">\n<\/td>\n<\/tr>\n<tr>\n<td style=\"border-right: 1px solid #f4f4f4; background-color: #f2f2f2!important;\">1.\u00ba Q<\/td>\n<td style=\"border-right: 1px solid #f4f4f4; background-color: #f2f2f2!important;\">2.\u00ba Q<\/td>\n<td style=\"border-right: 1px solid #f4f4f4; background-color: #f2f2f2!important;\">3.\u00ba Q<\/td>\n<td style=\"border-right: 1px solid #f4f4f4; background-color: #f2f2f2!important;\">4.\u00ba Q<\/td>\n<\/tr>\n<tr>\n<td style=\"border-right: 1px solid #f4f4f4;\"><strong>21-15<\/strong><\/td>\n<td><strong>35-36<\/strong><\/td>\n<td><strong>53-63<\/strong><\/td>\n<td><strong>63-73<\/strong><\/td>\n<\/tr>\n<p>Num duelo emotivo, na 7.\u00aa jornada da Liga Betclic Feminina, o <a href=\"https:\/\/www.slbenfica.pt\/pt-pt\/modalidades\/basquetebol?teamGender=female&amp;teamRank=16094ecf-9e78-4e3e-bcdf-28e4f765de9f\" rel=\"nofollow noopener\" target=\"_blank\"><strong>Benfica<\/strong><\/a>\u00a0superiorizou-se ao Esgueira (63-73), nesta noite de s\u00e1bado, 22 de novembro, no\u00a0Pavilh\u00e3o Clube do Povo de Esgueira.<\/p>\n<p>De regresso \u00e0s <strong>contas do Campeonato<\/strong>, ap\u00f3s a paragem para os compromissos das sele\u00e7\u00f5es, as \u00e1guias n\u00e3o tiveram um bom arranque. Eficiente no jogo exterior, a equipa da casa anotou 3 triplos nos 4 primeiros minutos, enquanto o Benfica n\u00e3o foi eficiente nas arrancadas para o cesto (15-8).<\/p>\n<p>Na fase final do 1.\u00ba quarto, as encarnadas, que estiveram a perder por 19-10, aproximaram-se. <strong>Marta Martins<\/strong>, com um <strong>triplo<\/strong> (19-13), e <strong>Joana Soeiro<\/strong> (21-15) reduziram dist\u00e2ncias.<\/p>\n<p>A perder por 6 pontos, no in\u00edcio do 2.\u00ba quarto, <strong>as bicampe\u00e3s nacionais foram mais agressivas na defesa, ganharam ressaltos e igualaram a contenda<\/strong> (21-21).<\/p>\n<p><img decoding=\"async\" src=\"https:\/\/www.europesays.com\/pt\/wp-content\/uploads\/2025\/11\/maria-joao-thumbnail.jpg\" alt=\"Esgueira-Benfica\" height=\"522px\" width=\"926px\"\/><\/p>\n<p>Com 2 triplos, <strong>Marta Martins e Let\u00edcia Soares deram robustez ao avan\u00e7o das \u00e1guias no marcador <\/strong>(21-27).<\/p>\n<p>No entanto, o Esgueira conseguiu travar o \u00edmpeto encarnado e aproximou-se. Ao intervalo, <strong>o Benfica liderava por um ponto<\/strong> (35-36), destacando-se, essencialmente, nos <strong>ressaltos<\/strong> face ao oponente (24 contra 17).<\/p>\n<p>No reatar do jogo, um <strong>parcial de 0-7<\/strong> deu outro conforto \u00e0s bicampe\u00e3s nacionais (35-43).<\/p>\n<p>Por\u00e9m, frente a um rival muito competitivo, como antecipou <strong>Eug\u00e9nio Rodrigues<\/strong> na <a href=\"https:\/\/www.slbenfica.pt\/pt-pt\/agora\/noticias\/2025\/11\/20\/basquetebol-feminino-antevisao-esgueira-benfica-7-jornada-liga-betclic-feminina\" rel=\"nofollow noopener\" target=\"_blank\"><strong>antevis\u00e3o<\/strong><\/a>, o equil\u00edbrio voltou a notar-se com mais uma recupera\u00e7\u00e3o do Esgueira (47-50), que aproveitou alguns turnovers encarnados para nivelar o desafio.<\/p>\n<p><img decoding=\"async\" src=\"https:\/\/www.europesays.com\/pt\/wp-content\/uploads\/2025\/11\/marta-martins-thumbnail.jpg\" alt=\"Marta Martins\" height=\"522px\" width=\"926px\"\/><\/p>\n<p>De m\u00e3os quentes, <strong>In\u00eas Faustino e Marta Martins<\/strong> voltaram a colocar as \u00e1guias com uma margem maior: 51-61, ap\u00f3s 2 triplos de cada uma. O 3.\u00ba quarto terminou com o Benfica na dianteira com uma dezena de pontos de vantagem (53-63).<\/p>\n<p>No derradeiro parcial houve algum nervosismo de parte a parte e precipita\u00e7\u00f5es que ditaram poucos pontos. Todavia, <strong>o Benfica mostrou-se sempre superior, controlou e triunfou por 63-73<\/strong>.<\/p>\n<p><strong>Maria Jo\u00e3o Bettencourt foi a jogadora mais valiosa das encarnadas<\/strong>, somando 19 pontos, 9 ressaltos e 3 assist\u00eancias.<\/p>\n<p>No calend\u00e1rio das \u00e1guias, segue-se a <strong>EuroCup Women<\/strong>. Na 6.\u00aa jornada do Grupo K, as encarnadas defrontam o <strong>SBS Ostrava<\/strong>, na quarta-feira, 26 de novembro, na Ch\u00e9quia, \u00e0s 18h15 (hora de Portugal Continental).<\/p>\n<p><img decoding=\"async\" src=\"https:\/\/www.europesays.com\/pt\/wp-content\/uploads\/2025\/11\/1763857820_271_eugenio-rodrigues-thumbnail.jpg\" alt=\"Esgueira-Benfica\" height=\"522px\" width=\"926px\"\/><\/p>\n<p><strong>DECLARA\u00c7\u00d5ES<\/strong><\/p>\n<p><strong>Eug\u00e9nio Rodrigues (treinador do Benfica)<\/strong>: &#8220;[Chave para a rea\u00e7\u00e3o no 2.\u00ba parcial] A resili\u00eancia, a capacidade de sofrimento. Para ganhar aqui, temos de ter essa capacidade de sofrimento, essa resili\u00eancia de correr mais que o advers\u00e1rio, estar mais focado que o advers\u00e1rio\u00a0num campo sempre muito, muito dif\u00edcil. Foi isso que, na minha opini\u00e3o, fez a diferen\u00e7a, sobretudo na segunda parte.&#8221;<\/p>\n<p><strong>Maria Jo\u00e3o Bettencourt (base do Benfica)<\/strong>: &#8220;[Fator-chave para vencer] Quando elevamos o n\u00edvel defensivo somos uma equipa que consegue disparar no jogo e acho que, sobretudo, foi no n\u00edvel defensivo, nos ressaltos, em correr mais um bocado, ser mais agressivas. Foram fatores importantes para poder disparar um bocado no jogo e para poder jogar com essa vantagem.&#8221;<\/p>\n<p><img decoding=\"async\" src=\"https:\/\/www.europesays.com\/pt\/wp-content\/uploads\/2025\/11\/roda-thumbnail.jpg\" alt=\"Esgueira-Benfica\" height=\"522px\" width=\"926px\"\/><\/p>\n<tr>\n<td style=\"background-color: #f2f2f2!important;\" colspan=\"4\"><strong>Liga Betclic Feminina (1.\u00aa fase) | 7.\u00aa jornada | 22\/11\/2025<\/strong><\/td>\n<\/tr>\n<tr style=\"background-color: #ffffff;\">\n<td style=\"font-size: 25px !important; font-weight: 500; padding: 0 0 20px;\" colspan=\"4\">Esgueira-Benfica<br \/>63-73<br \/>Pavilh\u00e3o Clube do Povo de Esgueira<\/td>\n<\/tr>\n<tr>\n<td style=\"background-color: #f2f2f2!important;\" colspan=\"4\"><strong>Cinco inicial do Benfica<\/strong><\/td>\n<\/tr>\n<tr>\n<td style=\"padding: 15px 20px;\" colspan=\"4\">In\u00eas Faustino,\u00a0Maria Jo\u00e3o Bettencourt,\u00a0Zuzanna Puc, Let\u00edcia Soares e Gabriela Fernandes\u00a0<\/td>\n<\/tr>\n<tr>\n<td style=\"background-color: #f2f2f2!important;\" colspan=\"4\"><strong>Suplentes<\/strong><\/td>\n<\/tr>\n<tr>\n<td style=\"padding: 15px 20px;\" colspan=\"4\">Sara Rodrigues, Art\u00e9mis Afonso, Marcy Gon\u00e7alves, Marta Martins, Diana Baptista, Joana Soeiro e Fatumata Bald\u00e9\u00a0<\/td>\n<\/tr>\n<tr>\n<td style=\"background-color: #f2f2f2!important;\" colspan=\"4\"><strong>Treinador do Benfica<\/strong><\/td>\n<\/tr>\n<tr>\n<td style=\"padding: 15px 20px;\" colspan=\"4\">Eug\u00e9nio Rodrigues<\/td>\n<\/tr>\n<tr>\n<td style=\"background-color: #f2f2f2!important;\" colspan=\"4\"><strong>Cinco inicial do Esgueira<\/strong><\/td>\n<\/tr>\n<tr>\n<td style=\"padding: 15px 20px;\" colspan=\"4\">Maria Andorinho, B\u00e1rbara Souza, Gabriela Raimundo, Victoria Reynolds e Taris Thorton<\/td>\n<\/tr>\n<tr>\n<td style=\"background-color: #f2f2f2!important;\" colspan=\"4\"><strong>Suplentes<\/strong><\/td>\n<\/tr>\n<tr>\n<td style=\"padding: 15px 20px;\" colspan=\"4\">Diana Ferreira, Sofia Kosareva, Joana Silva, Rita Espindola, Selma Marques e Hadiatu Djal\u00f3\u00a0<\/td>\n<\/tr>\n<tr style=\"border-bottom: 1px solid white; background-color: #f2f2f2!important;\">\n<td style=\"border-right: 1px solid #f4f4f4;\"><strong>1.\u00ba quarto<\/strong><\/td>\n<td style=\"border-right: 1px solid #f4f4f4;\"><strong>2.\u00ba quarto<\/strong><\/td>\n<td><strong>3.\u00ba quarto<\/strong><\/td>\n<td><strong>4.\u00ba quarto<\/strong><\/td>\n<\/tr>\n<tr>\n<td style=\"border-right: 1px solid #f4f4f4;\">21-15<\/td>\n<td style=\"border-right: 1px solid #f4f4f4;\">35-36<\/td>\n<td style=\"border-right: 1px solid #f4f4f4;\">53-63<\/td>\n<td>63-73<\/td>\n<\/tr>\n<tr>\n<td style=\"background-color: #f2f2f2!important;\" colspan=\"4\"><strong>Pontuadoras do Benfica<\/strong><\/td>\n<\/tr>\n<tr>\n<td style=\"padding: 15px 20px;\" colspan=\"4\">Maria Jo\u00e3o Bettencourt (19), Let\u00edcia Soares (13), Art\u00e9mis Afonso (12), Marta Martins (11), In\u00eas Faustino (6), Joana Soeiro (6) e Zuzanna Puc (6)\u00a0<\/td>\n<\/tr>\n","protected":false},"excerpt":{"rendered":"RESUMO BTV Liga Betclic Feminina 7.\u00aa jornada1.\u00aa fase RESULTADO FINAL 1.\u00ba Q 2.\u00ba Q 3.\u00ba Q 4.\u00ba Q&hellip;\n","protected":false},"author":2,"featured_media":161659,"comment_status":"","ping_status":"","sticky":false,"template":"","format":"standard","meta":{"footnotes":""},"categories":[87],"tags":[135,32,33,134],"class_list":{"0":"post-161658","1":"post","2":"type-post","3":"status-publish","4":"format-standard","5":"has-post-thumbnail","7":"category-desporto","8":"tag-desporto","9":"tag-portugal","10":"tag-pt","11":"tag-sports"},"share_on_mastodon":{"url":"https:\/\/pubeurope.com\/@pt\/115596193114307734","error":""},"_links":{"self":[{"href":"https:\/\/www.europesays.com\/pt\/wp-json\/wp\/v2\/posts\/161658","targetHints":{"allow":["GET"]}}],"collection":[{"href":"https:\/\/www.europesays.com\/pt\/wp-json\/wp\/v2\/posts"}],"about":[{"href":"https:\/\/www.europesays.com\/pt\/wp-json\/wp\/v2\/types\/post"}],"author":[{"embeddable":true,"href":"https:\/\/www.europesays.com\/pt\/wp-json\/wp\/v2\/users\/2"}],"replies":[{"embeddable":true,"href":"https:\/\/www.europesays.com\/pt\/wp-json\/wp\/v2\/comments?post=161658"}],"version-history":[{"count":0,"href":"https:\/\/www.europesays.com\/pt\/wp-json\/wp\/v2\/posts\/161658\/revisions"}],"wp:featuredmedia":[{"embeddable":true,"href":"https:\/\/www.europesays.com\/pt\/wp-json\/wp\/v2\/media\/161659"}],"wp:attachment":[{"href":"https:\/\/www.europesays.com\/pt\/wp-json\/wp\/v2\/media?parent=161658"}],"wp:term":[{"taxonomy":"category","embeddable":true,"href":"https:\/\/www.europesays.com\/pt\/wp-json\/wp\/v2\/categories?post=161658"},{"taxonomy":"post_tag","embeddable":true,"href":"https:\/\/www.europesays.com\/pt\/wp-json\/wp\/v2\/tags?post=161658"}],"curies":[{"name":"wp","href":"https:\/\/api.w.org\/{rel}","templated":true}]}}