{"id":161662,"date":"2025-11-23T00:33:09","date_gmt":"2025-11-23T00:33:09","guid":{"rendered":"https:\/\/www.europesays.com\/pt\/161662\/"},"modified":"2025-11-23T00:33:09","modified_gmt":"2025-11-23T00:33:09","slug":"a-smart-tv-xiaomi-de-65-que-vai-mudar-a-sua-casa-para-sempre-esta-com-um-desconto-absurdo-na-black-friday-da-amazon-tecnologia","status":"publish","type":"post","link":"https:\/\/www.europesays.com\/pt\/161662\/","title":{"rendered":"A Smart TV Xiaomi de 65&#8243; que vai mudar a sua casa para sempre est\u00e1 com um desconto absurdo na Black Friday da Amazon &#8211; Tecnologia"},"content":{"rendered":"<p class=\"corpo-noticia__paragrafo\">A Xiaomi TV F de 65 polegadas \u00e9 um dos grandes destaques da Black Friday da Amazon. Os amantes da tecnologia aproveitammesta altursa de descontos mais pronunciados para fazer grandes investimentos&#8230; tal como esta Smart TV. <a href=\"https:\/\/amzn.to\/487ci1x\" target=\"_blank\" rel=\"nofollow noopener\">Chega ao mercado como uma op\u00e7\u00e3o pensada para quem quer dar um salto real na forma como v\u00ea filmes, s\u00e9ries ou joga t\u00edtulos exigente<\/a>s.<\/p>\n<p class=\"corpo-noticia__paragrafo\"> As 65 polegadas oferecem uma presen\u00e7a imersiva que muda a experi\u00eancia desde o primeiro segundo, com resolu\u00e7\u00e3o 4K UHD e suporte HDR10 que eleva o contraste, aprofunda os pretos e revela nuances que simplesmente n\u00e3o existem no HD tradicional. Com Fire TV integrado, o acesso a aplica\u00e7\u00f5es como Netflix, Prime Video ou Disney torna-se imediato, sempre atrav\u00e9s de uma interface fluida que sugere novos conte\u00fados de forma inteligente. Fica a menos de 360\u20ac&#8230; o que para uma tv com esta qualidade e esta dimens\u00e3o de ecr\u00e3 \u00e9 um verdadeiro absurdo.<\/p>\n<p>                <img draggable=\"false\" class=\"b-lazy produto__image\"\/><\/p>\n<p class=\"corpo-noticia__paragrafo\"><b>Controlo inteligente<\/b><\/p>\n<p class=\"corpo-noticia__paragrafo\"> A presen\u00e7a da Alexa facilita tudo: basta um comando de voz para procurar um filme, ajustar o volume ou controlar dispositivos da casa. Os jogadores beneficiam do modo Game Boost (a 120 Hz e do MEMC), que reduz o desfoque e mant\u00eam a a\u00e7\u00e3o suave. <a href=\"https:\/\/amzn.to\/487ci1x\" target=\"_blank\" rel=\"nofollow noopener\">H\u00e1 ainda compatibilidade total com Apple AirPlay, ideal para espelhar v\u00eddeos, fotos ou at\u00e9 o ecr\u00e3 do iPhone em segundos<\/a>. <\/p>\n<p class=\"corpo-noticia__paragrafo\">Com 2 GB de RAM e 32 GB de armazenamento, esta Smart TV \u00e9 uma verdadeira revolu\u00e7\u00e3o em tamanho e qualidade dignas das melhores salas de cinema.<\/p>\n","protected":false},"excerpt":{"rendered":"A Xiaomi TV F de 65 polegadas \u00e9 um dos grandes destaques da Black Friday da Amazon. Os&hellip;\n","protected":false},"author":2,"featured_media":161663,"comment_status":"","ping_status":"","sticky":false,"template":"","format":"standard","meta":{"footnotes":""},"categories":[84],"tags":[514,2012,109,107,108,34385,32,33,105,103,104,106,110,34386,360],"class_list":{"0":"post-161662","1":"post","2":"type-post","3":"status-publish","4":"format-standard","5":"has-post-thumbnail","7":"category-ciencia-e-tecnologia","8":"tag-amazon","9":"tag-black-friday","10":"tag-ciencia","11":"tag-ciencia-e-tecnologia","12":"tag-cienciaetecnologia","13":"tag-ecra-gigante","14":"tag-portugal","15":"tag-pt","16":"tag-science","17":"tag-science-and-technology","18":"tag-scienceandtechnology","19":"tag-technology","20":"tag-tecnologia","21":"tag-tv-da-sala","22":"tag-xiaomi"},"share_on_mastodon":{"url":"https:\/\/pubeurope.com\/@pt\/115596204634915180","error":""},"_links":{"self":[{"href":"https:\/\/www.europesays.com\/pt\/wp-json\/wp\/v2\/posts\/161662","targetHints":{"allow":["GET"]}}],"collection":[{"href":"https:\/\/www.europesays.com\/pt\/wp-json\/wp\/v2\/posts"}],"about":[{"href":"https:\/\/www.europesays.com\/pt\/wp-json\/wp\/v2\/types\/post"}],"author":[{"embeddable":true,"href":"https:\/\/www.europesays.com\/pt\/wp-json\/wp\/v2\/users\/2"}],"replies":[{"embeddable":true,"href":"https:\/\/www.europesays.com\/pt\/wp-json\/wp\/v2\/comments?post=161662"}],"version-history":[{"count":0,"href":"https:\/\/www.europesays.com\/pt\/wp-json\/wp\/v2\/posts\/161662\/revisions"}],"wp:featuredmedia":[{"embeddable":true,"href":"https:\/\/www.europesays.com\/pt\/wp-json\/wp\/v2\/media\/161663"}],"wp:attachment":[{"href":"https:\/\/www.europesays.com\/pt\/wp-json\/wp\/v2\/media?parent=161662"}],"wp:term":[{"taxonomy":"category","embeddable":true,"href":"https:\/\/www.europesays.com\/pt\/wp-json\/wp\/v2\/categories?post=161662"},{"taxonomy":"post_tag","embeddable":true,"href":"https:\/\/www.europesays.com\/pt\/wp-json\/wp\/v2\/tags?post=161662"}],"curies":[{"name":"wp","href":"https:\/\/api.w.org\/{rel}","templated":true}]}}