{"id":161666,"date":"2025-11-23T00:36:16","date_gmt":"2025-11-23T00:36:16","guid":{"rendered":"https:\/\/www.europesays.com\/pt\/161666\/"},"modified":"2025-11-23T00:36:16","modified_gmt":"2025-11-23T00:36:16","slug":"jovem-frances-esfaqueado-apos-roubo-violento-em-lisboa","status":"publish","type":"post","link":"https:\/\/www.europesays.com\/pt\/161666\/","title":{"rendered":"Jovem franc\u00eas esfaqueado ap\u00f3s roubo violento em Lisboa"},"content":{"rendered":"<p>Um jovem de 22 anos, de nacionalidade francesa, foi v\u00edtima de um assalto violento na Avenida Almirante Reis na noite desta sexta-feira.<\/p>\n<p>A TVI e CNN Portugal apuraram que \u00a0o crime ocorreu por volta das 20:00, quando dois indiv\u00edduos o abordaram e o agrediram com recurso a uma arma branca.<\/p>\n<p>Durante o ataque, os assaltantes roubaram \u00e0 v\u00edtima um telem\u00f3vel, a carteira pessoal e 100 euros. O jovem sofreu v\u00e1rios golpes, incluindo ferimentos graves na zona da cabe\u00e7a e do pesco\u00e7o, sendo rapidamente assistido e transportado para o Hospital de S\u00e3o Jos\u00e9.<\/p>\n<p>As autoridades est\u00e3o a investigar o caso e procuram identificar os dois suspeitos, que se colocaram em fuga ap\u00f3s o crime. A Pol\u00edcia de Seguran\u00e7a P\u00fablica mant\u00e9m dilig\u00eancias ativas para localizar os autores do assalto.<\/p>\n","protected":false},"excerpt":{"rendered":"Um jovem de 22 anos, de nacionalidade francesa, foi v\u00edtima de um assalto violento na Avenida Almirante Reis&hellip;\n","protected":false},"author":2,"featured_media":161667,"comment_status":"","ping_status":"","sticky":false,"template":"","format":"standard","meta":{"footnotes":""},"categories":[10],"tags":[609,836,2520,260,27,28,2530,2518,604,135,476,23753,15,16,19407,2519,301,14,2513,2515,2529,2531,2527,603,25,26,797,21,22,2517,2516,62,12,13,19,20,2526,2528,2525,2522,32,2523,23,24,33,2521,5941,34387,2524,899,17,18,162,2514,2512,29,30,31],"class_list":{"0":"post-161666","1":"post","2":"type-post","3":"status-publish","4":"format-standard","5":"has-post-thumbnail","7":"category-portugal","8":"tag-alerta","9":"tag-analise","10":"tag-as-pessoas-nao-sao-numeros","11":"tag-atualidade","12":"tag-breaking-news","13":"tag-breakingnews","14":"tag-catia-nobre","15":"tag-comentario","16":"tag-crime","17":"tag-desporto","18":"tag-economia","19":"tag-esfaqueado","20":"tag-featured-news","21":"tag-featurednews","22":"tag-frances","23":"tag-global","24":"tag-governo","25":"tag-headlines","26":"tag-jornal","27":"tag-jornal-nacional","28":"tag-jose-alberto-carvalho","29":"tag-jose-carlos-araujo","30":"tag-jose-eduardo-moniz","31":"tag-justica","32":"tag-latest-news","33":"tag-latestnews","34":"tag-lisboa","35":"tag-main-news","36":"tag-mainnews","37":"tag-mais-populares","38":"tag-mais-vistos","39":"tag-mundo","40":"tag-news","41":"tag-noticias","42":"tag-noticias-principais","43":"tag-noticiasprincipais","44":"tag-nuno-santos","45":"tag-pedro-benevides","46":"tag-pedro-santos-guerreiro","47":"tag-perplexidades","48":"tag-portugal","49":"tag-preto-no-branco","50":"tag-principais-noticias","51":"tag-principaisnoticias","52":"tag-pt","53":"tag-reporter-tvi","54":"tag-roubo","55":"tag-roubo-violento","56":"tag-sandra-felgueiras","57":"tag-sara-pinto","58":"tag-top-stories","59":"tag-topstories","60":"tag-tvi","61":"tag-tvi-jornal","62":"tag-ultima-hora","63":"tag-ultimas","64":"tag-ultimas-noticias","65":"tag-ultimasnoticias"},"share_on_mastodon":{"url":"","error":"Validation failed: Text character limit of 500 exceeded"},"_links":{"self":[{"href":"https:\/\/www.europesays.com\/pt\/wp-json\/wp\/v2\/posts\/161666","targetHints":{"allow":["GET"]}}],"collection":[{"href":"https:\/\/www.europesays.com\/pt\/wp-json\/wp\/v2\/posts"}],"about":[{"href":"https:\/\/www.europesays.com\/pt\/wp-json\/wp\/v2\/types\/post"}],"author":[{"embeddable":true,"href":"https:\/\/www.europesays.com\/pt\/wp-json\/wp\/v2\/users\/2"}],"replies":[{"embeddable":true,"href":"https:\/\/www.europesays.com\/pt\/wp-json\/wp\/v2\/comments?post=161666"}],"version-history":[{"count":0,"href":"https:\/\/www.europesays.com\/pt\/wp-json\/wp\/v2\/posts\/161666\/revisions"}],"wp:featuredmedia":[{"embeddable":true,"href":"https:\/\/www.europesays.com\/pt\/wp-json\/wp\/v2\/media\/161667"}],"wp:attachment":[{"href":"https:\/\/www.europesays.com\/pt\/wp-json\/wp\/v2\/media?parent=161666"}],"wp:term":[{"taxonomy":"category","embeddable":true,"href":"https:\/\/www.europesays.com\/pt\/wp-json\/wp\/v2\/categories?post=161666"},{"taxonomy":"post_tag","embeddable":true,"href":"https:\/\/www.europesays.com\/pt\/wp-json\/wp\/v2\/tags?post=161666"}],"curies":[{"name":"wp","href":"https:\/\/api.w.org\/{rel}","templated":true}]}}