{"id":161673,"date":"2025-11-23T00:44:12","date_gmt":"2025-11-23T00:44:12","guid":{"rendered":"https:\/\/www.europesays.com\/pt\/161673\/"},"modified":"2025-11-23T00:44:12","modified_gmt":"2025-11-23T00:44:12","slug":"benfica-passa-em-oliveira-de-azemeis","status":"publish","type":"post","link":"https:\/\/www.europesays.com\/pt\/161673\/","title":{"rendered":"Benfica passa em Oliveira de Azem\u00e9is"},"content":{"rendered":"<p>O\u00a0Benfica\u00a0foi a Oliveira de Azem\u00e9is derrotar (88-98) a <a class=\"autolink-enabled\" data-resource-id=\"2692\" data-resource-type=\"team\" data-sport=\"football\" href=\"https:\/\/www.abola.pt\/futebol\/ud-oliveirense-2692\" rel=\"nofollow noopener\" target=\"_blank\">Oliveirense<\/a> em jogo da 2.\u00aa jornada do Grupo A <a class=\"autolink-enabled\" data-resource-id=\"70f9eb34-5e61-4aee-aff1-17d25a60aab8\" data-resource-type=\"competition\" data-sport=\"basketball\" href=\"https:\/\/www.abola.pt\/basquetebol\/competicao\/taca-hugo-dos-santos-3RBLw4stZb4lj1ZEU8iTiy\" rel=\"nofollow noopener\" target=\"_blank\">Ta\u00e7a Hugo dos Santos<\/a>. <\/p>\n<p>Apesar das tradicionais dificuldades nesta desloca\u00e7\u00e3o, os encarnados tomaram conta do marcador desde cedo com Geno Crandall, com um triplo logo a abrir, e um afundan\u00e7o de Temidayo Yussuf, a mostrarem ao que iam os tetracampe\u00f5es nacionais. <\/p>\n<p>Jos\u00e9 Silva entrou no jogo para oferecer mais triplos \u00e0 assist\u00eancia e fazer crescer a vantagem benfiquista (17-27), que obrigou a Oliveirense a pedir time out. Sem grande efeito, na verdade e, no final do primeiro quarto, os jogadores encarnados tinham j\u00e1 uma vantagem consider\u00e1vel (23-33). <\/p>\n<p>A Oliveirense tentou reagir, consegui-o a espa\u00e7os, mas cumprido o segundo parcial, o resultado no marcador, antes do merecido descanso do intervalo, deixava clara a superioridade da exibi\u00e7\u00e3o do Benfica, com os mesmos 11 pontos: 46-55.<\/p>\n<p>O intervalo fez bem \u00e0 Oliveirense que entrou disposta a alterar o rumo que o encontro parecia levar e conseguiu mesmo aproximar-se at\u00e9 aos 50-55. Soaram as campainhas no banco encarnado e Aaron Broussard sacou um triplo para rep\u00f4r a ordem. Com 10 minutos para jogar, nada mudava. Os campe\u00f5es lideravam com uma vantagem de 10 pontos (66-76) e, apesar do jejum de dois minutos para os dois clubes, o Benfica pegou no jogo para confirmar aquilo que estava a prometer desde o in\u00edcio, fechando a vit\u00f3ria com 88-98.<\/p>\n","protected":false},"excerpt":{"rendered":"O\u00a0Benfica\u00a0foi a Oliveira de Azem\u00e9is derrotar (88-98) a Oliveirense em jogo da 2.\u00aa jornada do Grupo A Ta\u00e7a&hellip;\n","protected":false},"author":2,"featured_media":161674,"comment_status":"","ping_status":"","sticky":false,"template":"","format":"standard","meta":{"footnotes":""},"categories":[87],"tags":[135,32,33,134],"class_list":{"0":"post-161673","1":"post","2":"type-post","3":"status-publish","4":"format-standard","5":"has-post-thumbnail","7":"category-desporto","8":"tag-desporto","9":"tag-portugal","10":"tag-pt","11":"tag-sports"},"share_on_mastodon":{"url":"https:\/\/pubeurope.com\/@pt\/115596247896094009","error":""},"_links":{"self":[{"href":"https:\/\/www.europesays.com\/pt\/wp-json\/wp\/v2\/posts\/161673","targetHints":{"allow":["GET"]}}],"collection":[{"href":"https:\/\/www.europesays.com\/pt\/wp-json\/wp\/v2\/posts"}],"about":[{"href":"https:\/\/www.europesays.com\/pt\/wp-json\/wp\/v2\/types\/post"}],"author":[{"embeddable":true,"href":"https:\/\/www.europesays.com\/pt\/wp-json\/wp\/v2\/users\/2"}],"replies":[{"embeddable":true,"href":"https:\/\/www.europesays.com\/pt\/wp-json\/wp\/v2\/comments?post=161673"}],"version-history":[{"count":0,"href":"https:\/\/www.europesays.com\/pt\/wp-json\/wp\/v2\/posts\/161673\/revisions"}],"wp:featuredmedia":[{"embeddable":true,"href":"https:\/\/www.europesays.com\/pt\/wp-json\/wp\/v2\/media\/161674"}],"wp:attachment":[{"href":"https:\/\/www.europesays.com\/pt\/wp-json\/wp\/v2\/media?parent=161673"}],"wp:term":[{"taxonomy":"category","embeddable":true,"href":"https:\/\/www.europesays.com\/pt\/wp-json\/wp\/v2\/categories?post=161673"},{"taxonomy":"post_tag","embeddable":true,"href":"https:\/\/www.europesays.com\/pt\/wp-json\/wp\/v2\/tags?post=161673"}],"curies":[{"name":"wp","href":"https:\/\/api.w.org\/{rel}","templated":true}]}}