{"id":161678,"date":"2025-11-23T00:51:19","date_gmt":"2025-11-23T00:51:19","guid":{"rendered":"https:\/\/www.europesays.com\/pt\/161678\/"},"modified":"2025-11-23T00:51:19","modified_gmt":"2025-11-23T00:51:19","slug":"greene-a-estrela-maga-que-agora-e-uma-traidora-para-trump-observador","status":"publish","type":"post","link":"https:\/\/www.europesays.com\/pt\/161678\/","title":{"rendered":"Greene. A estrela MAGA que agora \u00e9 uma &#8220;traidora&#8221; para Trump \u2013 Observador"},"content":{"rendered":"<p>O Presidente n\u00e3o ficou sem resposta. A congressista da Georgia disse que Donald Trump \u201cficou irritado\u201d com o facto de ela insistir que os ficheiros Epstein fossem divulgados. \u201cClaro que ele me est\u00e1 a atacar com for\u00e7a para dar um exemplo e assustar os outros republicanos antes da vota\u00e7\u00e3o para divulgar os ficheiros Epstein. \u00c9 realmente impressionante o quanto ele se est\u00e1 a esfor\u00e7ar para impedir a divulga\u00e7\u00e3o dos documentos\u201d, atirou.<\/p>\n<p>\u201cApoiei o Presidente Trump com muito do meu tempo precioso, com muito do meu dinheiro, e lutei arduamente por ele, mesmo quando todos os outros republicanos lhe viraram as costas e o criticaram\u201d, destacou Marjorie Taylor Greene, entrando ao ataque mesmo que isso tivesse contrariado algumas das suas declara\u00e7\u00f5es passadas: \u201c<strong>Eu n\u00e3o venero ou sirvo Donald Trump.<\/strong> <strong>Eu venero Deus, Jesus \u00e9 o meu Salvador e o meu distrito congressional e o povo norte-americano\u201d.\u00a0<\/strong><\/p>\n<p>Esta troca de acusa\u00e7\u00f5es nas redes sociais culminou com o an\u00fancio de que Marjorie Taylor Greene vai abandonar as fun\u00e7\u00f5es de congressista em janeiro de 2026, n\u00e3o se recandidatando para um segundo mandato. Mas sem antes tecer as cr\u00edticas mais duras ao Presidente: \u201cSe sou descart\u00e1vel pelo MAGA e sou substitu\u00edda pelos neoconservadores, pelas grandes farmac\u00eauticas, pelas grandes empresas de tecnologia, pelo complexo militar-industrial, pelos l\u00edderes estrangeiros e pelas elites de doadores que nem sequer consegue se identificar com os norte-americanos, <strong>ent\u00e3o muitos norte-americanos comuns tamb\u00e9m foram descartados e substitu\u00eddos\u201d.\u00a0<\/strong><\/p>\n<p>O estilo explosivo e controverso converteu Marjorie Taylor Greene numa das pol\u00edticas mais medi\u00e1ticas dos Estados Unidos da Am\u00e9rica. <a href=\"https:\/\/www.npr.org\/2022\/10\/19\/1129516628\/trump-republican-marjorie-taylor-greene-robert-draper-weapons-of-mass-delusion\" rel=\"nofollow noopener\" target=\"_blank\">No livro Weapons of Mass Delusion<\/a>,\u00a0o jornalista do New York Times\u00a0Robert Draper\u00a0explicou que a congressista ganhou relev\u00e2ncia \u201cao dominar a chamada \u2018economia da aten\u00e7\u00e3o\u2019 da internet\u201d. Nas redes sociais, apresentava uma<strong> ret\u00f3rica explosiva<\/strong>, associada \u00e0s teorias de conspira\u00e7\u00e3o do grupo QAnon \u2014 que alega, entre outras coisas, que existe uma rede global de ped\u00f3filos que governa o mundo.<\/p>\n<p>\u00c9 certo que o comportamento da congressista nas redes sociais gerava indigna\u00e7\u00e3o, revolta e fazia com que se levantassem quest\u00f5es sobre a sua seriedade enquanto pol\u00edtica; mas o retorno consistia em visualiza\u00e7\u00f5es, engagement, likes\u00a0e aten\u00e7\u00e3o medi\u00e1tica. Num duro golpe para esta estrat\u00e9gia, a conta do Twitter (que na altura ainda n\u00e3o era detido por Elon Musk) de Marjorie Taylor Greene chegou a ser suspensa em 2022 por viola\u00e7\u00e3o das normas da comunidade, apesar de j\u00e1 ter sido reposta. A resposta de Greene? Era um sintoma de \u201cuma revolu\u00e7\u00e3o comunista\u201d que estava em marcha nos Estados Unidos.<\/p>\n","protected":false},"excerpt":{"rendered":"O Presidente n\u00e3o ficou sem resposta. A congressista da Georgia disse que Donald Trump \u201cficou irritado\u201d com o&hellip;\n","protected":false},"author":2,"featured_media":161679,"comment_status":"","ping_status":"","sticky":false,"template":"","format":"standard","meta":{"footnotes":""},"categories":[50],"tags":[624,27,28,92,623,15,16,14,25,26,21,22,62,12,13,19,20,4497,23,24,17,18,29,30,31,63,64,65],"class_list":{"0":"post-161678","1":"post","2":"type-post","3":"status-publish","4":"format-standard","5":"has-post-thumbnail","7":"category-mundo","8":"tag-amu00e9rica","9":"tag-breaking-news","10":"tag-breakingnews","11":"tag-donald-trump","12":"tag-estados-unidos-da-amu00e9rica","13":"tag-featured-news","14":"tag-featurednews","15":"tag-headlines","16":"tag-latest-news","17":"tag-latestnews","18":"tag-main-news","19":"tag-mainnews","20":"tag-mundo","21":"tag-news","22":"tag-noticias","23":"tag-noticias-principais","24":"tag-noticiasprincipais","25":"tag-presidente-trump","26":"tag-principais-noticias","27":"tag-principaisnoticias","28":"tag-top-stories","29":"tag-topstories","30":"tag-ultimas","31":"tag-ultimas-noticias","32":"tag-ultimasnoticias","33":"tag-world","34":"tag-world-news","35":"tag-worldnews"},"share_on_mastodon":{"url":"https:\/\/pubeurope.com\/@pt\/115596275398044245","error":""},"_links":{"self":[{"href":"https:\/\/www.europesays.com\/pt\/wp-json\/wp\/v2\/posts\/161678","targetHints":{"allow":["GET"]}}],"collection":[{"href":"https:\/\/www.europesays.com\/pt\/wp-json\/wp\/v2\/posts"}],"about":[{"href":"https:\/\/www.europesays.com\/pt\/wp-json\/wp\/v2\/types\/post"}],"author":[{"embeddable":true,"href":"https:\/\/www.europesays.com\/pt\/wp-json\/wp\/v2\/users\/2"}],"replies":[{"embeddable":true,"href":"https:\/\/www.europesays.com\/pt\/wp-json\/wp\/v2\/comments?post=161678"}],"version-history":[{"count":0,"href":"https:\/\/www.europesays.com\/pt\/wp-json\/wp\/v2\/posts\/161678\/revisions"}],"wp:featuredmedia":[{"embeddable":true,"href":"https:\/\/www.europesays.com\/pt\/wp-json\/wp\/v2\/media\/161679"}],"wp:attachment":[{"href":"https:\/\/www.europesays.com\/pt\/wp-json\/wp\/v2\/media?parent=161678"}],"wp:term":[{"taxonomy":"category","embeddable":true,"href":"https:\/\/www.europesays.com\/pt\/wp-json\/wp\/v2\/categories?post=161678"},{"taxonomy":"post_tag","embeddable":true,"href":"https:\/\/www.europesays.com\/pt\/wp-json\/wp\/v2\/tags?post=161678"}],"curies":[{"name":"wp","href":"https:\/\/api.w.org\/{rel}","templated":true}]}}