{"id":161686,"date":"2025-11-23T01:01:17","date_gmt":"2025-11-23T01:01:17","guid":{"rendered":"https:\/\/www.europesays.com\/pt\/161686\/"},"modified":"2025-11-23T01:01:17","modified_gmt":"2025-11-23T01:01:17","slug":"var-valida-golo-polemico-no-newcastle-man-city-e-culpa-e-de-ruben-dias","status":"publish","type":"post","link":"https:\/\/www.europesays.com\/pt\/161686\/","title":{"rendered":"VAR valida golo pol\u00e9mico no Newcastle-Man. City e culpa \u00e9 de\u2026 R\u00faben Dias"},"content":{"rendered":"<p>Manchester City continua com dificuldades para vencer fora de casa na Premier League. Desta feita, no St. James Park, foi o Newcastle a aplicar uma derrota, por 2-1, aos citizens, em jogo da 12.\u00aa jornada da Premier League.<\/p>\n<p>No entanto, o golo que acabou por dar a vit\u00f3ria dos magpies foi analisado ao mil\u00edmetro pelo VAR, que acabou por dar o tiro certeiro como v\u00e1lido devido \u00e0s &#8216;costas largas&#8217; de R\u00faben Dias.<\/p>\n<p>O defesa esteve no melhor e no pior, j\u00e1 que tamb\u00e9m colocou um ponto final num jejum que j\u00e1 durava h\u00e1 tr\u00eas anos, com o \u00faltimo tiro certeiro de R\u00faben Dias a ser marcado em 2022, frente ao Sevilla.<\/p>\n<p>Confira o momento em que o golo de Harvey Barnes \u00e9 validado&#8230; pelas costas de R\u00faben Dias.<\/p>\n<p>Leia Tamb\u00e9m: <a href=\"https:\/\/www.noticiasaominuto.com\/desporto\/2892891\/golo-de-ruben-dias-nao-impede-derrota-do-city-no-st-james-park\" target=\"_blank\" rel=\"noreferrer noopener nofollow\">Golo de R\u00faben Dias n\u00e3o impede derrota do City no St. James Park<\/a><\/p>\n","protected":false},"excerpt":{"rendered":"Manchester City continua com dificuldades para vencer fora de casa na Premier League. Desta feita, no St. James&hellip;\n","protected":false},"author":2,"featured_media":161687,"comment_status":"","ping_status":"","sticky":false,"template":"","format":"standard","meta":{"footnotes":""},"categories":[87],"tags":[135,32,33,134],"class_list":{"0":"post-161686","1":"post","2":"type-post","3":"status-publish","4":"format-standard","5":"has-post-thumbnail","7":"category-desporto","8":"tag-desporto","9":"tag-portugal","10":"tag-pt","11":"tag-sports"},"share_on_mastodon":{"url":"https:\/\/pubeurope.com\/@pt\/115596314631752536","error":""},"_links":{"self":[{"href":"https:\/\/www.europesays.com\/pt\/wp-json\/wp\/v2\/posts\/161686","targetHints":{"allow":["GET"]}}],"collection":[{"href":"https:\/\/www.europesays.com\/pt\/wp-json\/wp\/v2\/posts"}],"about":[{"href":"https:\/\/www.europesays.com\/pt\/wp-json\/wp\/v2\/types\/post"}],"author":[{"embeddable":true,"href":"https:\/\/www.europesays.com\/pt\/wp-json\/wp\/v2\/users\/2"}],"replies":[{"embeddable":true,"href":"https:\/\/www.europesays.com\/pt\/wp-json\/wp\/v2\/comments?post=161686"}],"version-history":[{"count":0,"href":"https:\/\/www.europesays.com\/pt\/wp-json\/wp\/v2\/posts\/161686\/revisions"}],"wp:featuredmedia":[{"embeddable":true,"href":"https:\/\/www.europesays.com\/pt\/wp-json\/wp\/v2\/media\/161687"}],"wp:attachment":[{"href":"https:\/\/www.europesays.com\/pt\/wp-json\/wp\/v2\/media?parent=161686"}],"wp:term":[{"taxonomy":"category","embeddable":true,"href":"https:\/\/www.europesays.com\/pt\/wp-json\/wp\/v2\/categories?post=161686"},{"taxonomy":"post_tag","embeddable":true,"href":"https:\/\/www.europesays.com\/pt\/wp-json\/wp\/v2\/tags?post=161686"}],"curies":[{"name":"wp","href":"https:\/\/api.w.org\/{rel}","templated":true}]}}