{"id":161705,"date":"2025-11-23T01:20:12","date_gmt":"2025-11-23T01:20:12","guid":{"rendered":"https:\/\/www.europesays.com\/pt\/161705\/"},"modified":"2025-11-23T01:20:12","modified_gmt":"2025-11-23T01:20:12","slug":"eurosuit-decathlon-cria-fato-para-astronautas-testes-na-estacao-espacial-internacional-comecam-em-2026-ciencia","status":"publish","type":"post","link":"https:\/\/www.europesays.com\/pt\/161705\/","title":{"rendered":"EuroSuit: Decathlon cria fato para astronautas. Testes na Esta\u00e7\u00e3o Espacial Internacional come\u00e7am em 2026 &#8211; Ci\u00eancia"},"content":{"rendered":"<p><strong>Chama-se EuroSuit e \u00e9 um novo prot\u00f3tipo de fato para astronautas<\/strong> concebido especialmente para atividades no interior de ve\u00edculos espaciais. O projeto re\u00fane a Ag\u00eancia Espacial Francesa (CNES) e a Decathlon, bem como a startup Spartan Space e o Instituto Franc\u00eas de Medicina Espacial e Fisiologia (MEDES).<\/p>\n<p><b>N\u00e3o perca nenhuma not\u00edcia importante da atualidade de tecnologia e\u00a0<\/b><a href=\"https:\/\/tek.sapo.pt\/\" rel=\"nofollow noopener\" target=\"_blank\"><b>acompanhe tudo em tek.sapo.pt<\/b><\/a><\/p>\n<p><strong>Em 2026, a astronauta Sophie Adenot da Ag\u00eancia Espacial Europeia (ESA) vai testar o novo fato a bordo da Esta\u00e7\u00e3o Espacial Internacional (ISS)<\/strong>, no \u00e2mbito da <a href=\"https:\/\/www.esa.int\/ESA_Multimedia\/Images\/2025\/06\/epsilon_Sophie_Adenot_s_first_mission_name_and_patch_unveiled\" target=\"_blank\" rel=\"noopener noreferrer nofollow\">miss\u00e3o \u03b5psilon<\/a>.<\/p>\n<p>Clique nas imagens para ver com mais detalhe                      <\/p>\n<p>Como detalhado em comunicado, o EuroSuit foi desenhado para melhorar a seguran\u00e7a e a ergonomia durante as fases cr\u00edticas de uma miss\u00e3o espacial e <strong>pode ser vestido ou removido pelos astronautas em menos de dois minutos, sem precisarem de ajuda.\u00a0<\/strong><\/p>\n<p>Durante a sua miss\u00e3o na ISS, <strong>Sophie Adenot vai avaliar a ergonomia do EuroSuit em ambiente de microgravidade atrav\u00e9s de v\u00e1rios testes<\/strong>, incluindo vestir e remover o fato, assim como manipular objetos e operar equipamentos da esta\u00e7\u00e3o.<\/p>\n<p>Segundo <a href=\"https:\/\/www.decathlon-united.media\/pressfiles\/eurosuit-decathlon_intra-vehicular-space-suit-prototype\" target=\"_blank\" rel=\"noopener noreferrer nofollow\">a Decathlon<\/a>, <strong>o fato inclui v\u00e1rias inova\u00e7\u00f5es, a come\u00e7ar pelo design do capacete<\/strong>, com uma estrutura concebida para permitir um ajuste personalizado, e <strong>pela inclus\u00e3o de juntas articuladas nos ombros, cotovelos e joelhos, para assegurar uma maior liberdade de movimento.\u00a0<\/strong><\/p>\n<p><strong>A altura do EuroSuit pode ser ajustada<\/strong> tendo em conta as mudan\u00e7as que ocorrem no corpo dos astronautas em ambientes de microgravidade e os<strong> fechos estanques e ergon\u00f3micos facilitam o processo de coloca\u00e7\u00e3o e remo\u00e7\u00e3o do fato<\/strong>, afirma a marca.<\/p>\n<p><strong>Os testes a bordo da ISS v\u00e3o ajudar a validar o design do fato e os resultados obtidos servir\u00e3o de base para o desenvolvimento da vers\u00e3o final<\/strong>, que contar\u00e1 com um sistema de press\u00e3o herm\u00e9tico e resist\u00eancia ao fogo, al\u00e9m de sistemas de comunica\u00e7\u00e3o integrados e um head-up display integrado.<\/p>\n<p>Assine a\u00a0<a class=\"c-link\" href=\"https:\/\/teknoticias.us15.list-manage.com\/subscribe?u=9a06a5af5e9150806abc02bae&amp;id=ef9b27090d\" target=\"_blank\" rel=\"noopener noreferrer nofollow\" data-stringify-link=\"https:\/\/teknoticias.us15.list-manage.com\/subscribe?u=9a06a5af5e9150806abc02bae&amp;id=ef9b27090d\" data-sk=\"tooltip_parent\">newsletter do TEK Not\u00edcias<\/a>\u00a0e receba todos os dias as principais not\u00edcias de tecnologia na sua caixa de correio.<\/p>\n","protected":false},"excerpt":{"rendered":"Chama-se EuroSuit e \u00e9 um novo prot\u00f3tipo de fato para astronautas concebido especialmente para atividades no interior de&hellip;\n","protected":false},"author":2,"featured_media":161706,"comment_status":"","ping_status":"","sticky":false,"template":"","format":"standard","meta":{"footnotes":""},"categories":[84],"tags":[109,107,108,32,33,105,103,104,106,110],"class_list":{"0":"post-161705","1":"post","2":"type-post","3":"status-publish","4":"format-standard","5":"has-post-thumbnail","7":"category-ciencia-e-tecnologia","8":"tag-ciencia","9":"tag-ciencia-e-tecnologia","10":"tag-cienciaetecnologia","11":"tag-portugal","12":"tag-pt","13":"tag-science","14":"tag-science-and-technology","15":"tag-scienceandtechnology","16":"tag-technology","17":"tag-tecnologia"},"share_on_mastodon":{"url":"https:\/\/pubeurope.com\/@pt\/115596389514834872","error":""},"_links":{"self":[{"href":"https:\/\/www.europesays.com\/pt\/wp-json\/wp\/v2\/posts\/161705","targetHints":{"allow":["GET"]}}],"collection":[{"href":"https:\/\/www.europesays.com\/pt\/wp-json\/wp\/v2\/posts"}],"about":[{"href":"https:\/\/www.europesays.com\/pt\/wp-json\/wp\/v2\/types\/post"}],"author":[{"embeddable":true,"href":"https:\/\/www.europesays.com\/pt\/wp-json\/wp\/v2\/users\/2"}],"replies":[{"embeddable":true,"href":"https:\/\/www.europesays.com\/pt\/wp-json\/wp\/v2\/comments?post=161705"}],"version-history":[{"count":0,"href":"https:\/\/www.europesays.com\/pt\/wp-json\/wp\/v2\/posts\/161705\/revisions"}],"wp:featuredmedia":[{"embeddable":true,"href":"https:\/\/www.europesays.com\/pt\/wp-json\/wp\/v2\/media\/161706"}],"wp:attachment":[{"href":"https:\/\/www.europesays.com\/pt\/wp-json\/wp\/v2\/media?parent=161705"}],"wp:term":[{"taxonomy":"category","embeddable":true,"href":"https:\/\/www.europesays.com\/pt\/wp-json\/wp\/v2\/categories?post=161705"},{"taxonomy":"post_tag","embeddable":true,"href":"https:\/\/www.europesays.com\/pt\/wp-json\/wp\/v2\/tags?post=161705"}],"curies":[{"name":"wp","href":"https:\/\/api.w.org\/{rel}","templated":true}]}}