{"id":161710,"date":"2025-11-23T01:24:11","date_gmt":"2025-11-23T01:24:11","guid":{"rendered":"https:\/\/www.europesays.com\/pt\/161710\/"},"modified":"2025-11-23T01:24:11","modified_gmt":"2025-11-23T01:24:11","slug":"apos-alertas-norte-americanos-tap-cancelou-os-voos-para-caracas","status":"publish","type":"post","link":"https:\/\/www.europesays.com\/pt\/161710\/","title":{"rendered":"Ap\u00f3s alertas norte-americanos. TAP cancelou os voos para Caracas"},"content":{"rendered":"<p>&#13;<br \/>\nAp\u00f3s informa\u00e7\u00e3o das autoridades aeron\u00e1uticas dos Estados Unidos sobre a situa\u00e7\u00e3o de seguran\u00e7a no espa\u00e7o a\u00e9reo do pa\u00eds, a\u00a0TAP decidiu cancelar os voos TP170 deste s\u00e1bado e da pr\u00f3xima ter\u00e7a-feira para a Venezuela.&#13;\n<\/p>\n<p>&#13;<br \/>\nA TAP explica numa nota \u00e0 Lusa que a decis\u00e3o &#8220;decorre de informa\u00e7\u00e3o emitida pelas autoridades aeron\u00e1uticas dos Estados Unidos da Am\u00e9rica, que indica n\u00e3o estarem garantidas as condi\u00e7\u00f5es de seguran\u00e7a no espa\u00e7o a\u00e9reo venezuelano, nomeadamente na zona de informa\u00e7\u00e3o de voo Maquetia&#8221;.<br \/>&#13;\n<\/p>\n<p>&#13;<br \/>\nA ag\u00eancia Reuters deu conta de que, para al\u00e9m da TAP, tamb\u00e9m a brasileira Brazil&#8217;s Gol e a colombiana AVIANCA cancelaram os voos a partir da capital venezuelana.&#13;\n<\/p>\n<p>A companhia colombiana disse \u00e0 ag\u00eancia que o cancelamento dos voos se deve a riscos potenciais devido \u00e0 deteriora\u00e7\u00e3o das condi\u00e7\u00f5es de seguran\u00e7a e ao incremento da actividade militar na regi\u00e3o.<\/p>\n<p>A ag\u00eancia federal norte-americana de avia\u00e7\u00e3o alertou ontem para uma situa\u00e7\u00e3o potencialmente perigosa.<br \/>&#13;\n<\/p>\n<p>          <img decoding=\"async\" itemprop=\"image\" class=\"img-fluid\"   src=\"https:\/\/www.europesays.com\/pt\/wp-content\/uploads\/2025\/11\/2440dd9e10ed889c057c02a8b7039921_N.jpg\"\/><\/p>\n<p>&#13;<br \/>\nOs Estados unidos aconselham precau\u00e7\u00e3o a avi\u00f5es que sobrevoem a Venezuela.&#13;\n<\/p>\n<p>&#13;<br \/>\nO aviso estende-se a todo o espa\u00e7o a\u00e9reo venezuelano, que inclui tamb\u00e9m parte das Cara\u00edbas.&#13;\n<\/p>\n<p>&#13;<br \/>\nEste alerta surge num momento em que aumenta a tens\u00e3o entre Donald Trump e Nicolas Maduro.&#13;\n<\/p>\n<p>&#13;<br \/>\nA TAP fez saber que &#8220;todos os passageiros foram informados do cancelamento e de que poder\u00e3o, caso entendam, proceder ao pedido de reembolso&#8221;.&#13;<\/p>\n","protected":false},"excerpt":{"rendered":"&#13; Ap\u00f3s informa\u00e7\u00e3o das autoridades aeron\u00e1uticas dos Estados Unidos sobre a situa\u00e7\u00e3o de seguran\u00e7a no espa\u00e7o a\u00e9reo do&hellip;\n","protected":false},"author":2,"featured_media":161711,"comment_status":"","ping_status":"","sticky":false,"template":"","format":"standard","meta":{"footnotes":""},"categories":[8],"tags":[27,28,15,16,14,25,26,21,22,12,13,19,20,32,23,24,33,420,421,17,18,29,30,31],"class_list":{"0":"post-161710","1":"post","2":"type-post","3":"status-publish","4":"format-standard","5":"has-post-thumbnail","7":"category-principais-noticias","8":"tag-breaking-news","9":"tag-breakingnews","10":"tag-featured-news","11":"tag-featurednews","12":"tag-headlines","13":"tag-latest-news","14":"tag-latestnews","15":"tag-main-news","16":"tag-mainnews","17":"tag-news","18":"tag-noticias","19":"tag-noticias-principais","20":"tag-noticiasprincipais","21":"tag-portugal","22":"tag-principais-noticias","23":"tag-principaisnoticias","24":"tag-pt","25":"tag-rtp","26":"tag-rtp-noticias","27":"tag-top-stories","28":"tag-topstories","29":"tag-ultimas","30":"tag-ultimas-noticias","31":"tag-ultimasnoticias"},"share_on_mastodon":{"url":"https:\/\/pubeurope.com\/@pt\/115596405536343158","error":""},"_links":{"self":[{"href":"https:\/\/www.europesays.com\/pt\/wp-json\/wp\/v2\/posts\/161710","targetHints":{"allow":["GET"]}}],"collection":[{"href":"https:\/\/www.europesays.com\/pt\/wp-json\/wp\/v2\/posts"}],"about":[{"href":"https:\/\/www.europesays.com\/pt\/wp-json\/wp\/v2\/types\/post"}],"author":[{"embeddable":true,"href":"https:\/\/www.europesays.com\/pt\/wp-json\/wp\/v2\/users\/2"}],"replies":[{"embeddable":true,"href":"https:\/\/www.europesays.com\/pt\/wp-json\/wp\/v2\/comments?post=161710"}],"version-history":[{"count":0,"href":"https:\/\/www.europesays.com\/pt\/wp-json\/wp\/v2\/posts\/161710\/revisions"}],"wp:featuredmedia":[{"embeddable":true,"href":"https:\/\/www.europesays.com\/pt\/wp-json\/wp\/v2\/media\/161711"}],"wp:attachment":[{"href":"https:\/\/www.europesays.com\/pt\/wp-json\/wp\/v2\/media?parent=161710"}],"wp:term":[{"taxonomy":"category","embeddable":true,"href":"https:\/\/www.europesays.com\/pt\/wp-json\/wp\/v2\/categories?post=161710"},{"taxonomy":"post_tag","embeddable":true,"href":"https:\/\/www.europesays.com\/pt\/wp-json\/wp\/v2\/tags?post=161710"}],"curies":[{"name":"wp","href":"https:\/\/api.w.org\/{rel}","templated":true}]}}