{"id":161712,"date":"2025-11-23T01:25:14","date_gmt":"2025-11-23T01:25:14","guid":{"rendered":"https:\/\/www.europesays.com\/pt\/161712\/"},"modified":"2025-11-23T01:25:14","modified_gmt":"2025-11-23T01:25:14","slug":"bora-trabalhar-diz-galvao-bueno-apos-receber-alta-hospitalar","status":"publish","type":"post","link":"https:\/\/www.europesays.com\/pt\/161712\/","title":{"rendered":"&#8220;Bora trabalhar&#8221;, diz Galv\u00e3o Bueno ap\u00f3s receber alta hospitalar"},"content":{"rendered":"<p class=\"my-5 break-words group-[.isActiveSource]:text-xl\">O apresentador e narrador esportivo <strong class=\"group-[.isActiveSource]:text-xl group-[.isActiveSource]:font-bold\">Galv\u00e3o Bueno recebeu alta hospitalar na tarde de sexta-feira (21)<\/strong>, ap\u00f3s ficar uma semana internado no Hospital S\u00edrio-Liban\u00eas, em S\u00e3o Paulo. A figura respons\u00e1vel por momentos hist\u00f3ricos do esporte brasileiro <strong class=\"group-[.isActiveSource]:text-xl group-[.isActiveSource]:font-bold\">fez o an\u00fancio nas redes sociais e disse:<\/strong> <strong class=\"group-[.isActiveSource]:text-xl group-[.isActiveSource]:font-bold\">\u201cT\u00f4 firme, t\u00f4 inteiro. Bora trabalhar!&#8221;<\/strong><\/p>\n<p class=\"my-5 break-words group-[.isActiveSource]:text-xl\">Galv\u00e3o ficou sob <strong class=\"group-[.isActiveSource]:text-xl group-[.isActiveSource]:font-bold\">cuidados m\u00e9dicos ap\u00f3s realizar exames e descobrir que estava com uma pneumonia viral.<\/strong> Segundo familiares, o locutor esportivo n\u00e3o havia se sentido bem durante o \u00faltimo final de semana.<\/p>\n<p class=\"my-5 break-words group-[.isActiveSource]:text-xl\">Ainda no perfil oficial do Instagram, o <strong class=\"group-[.isActiveSource]:text-xl group-[.isActiveSource]:font-bold\">narrador agradeceu aos f\u00e3s pelas mensagens de apoio e carinho recebidas durante o<a href=\"https:\/\/www.cnnbrasil.com.br\/nacional\/sudeste\/sp\/galvao-bueno-e-internado-com-pneumonia-em-hospital-de-sao-paulo\/\" target=\"_blank\" rel=\"noopener noreferrer nofollow\" class=\"text-red-600 underline hover:text-red-500 font-medium break-words group-[.isActiveSource]:text-xl\"> per\u00edodo de interna\u00e7\u00e3o.<\/a><\/strong> Al\u00e9m disso, diz que est\u00e1 <strong class=\"group-[.isActiveSource]:text-xl group-[.isActiveSource]:font-bold\">empolgado<\/strong> para voltar a trabalhar.<\/p>\n<p><strong class=\"group-[.isActiveSource]:text-xl group-[.isActiveSource]:font-bold\">Veja a publica\u00e7\u00e3o completa abaixo:<\/strong><\/p>\n<blockquote class=\"instagram-media !mx-auto\" style=\"background:#FFF;border:0;border-radius:3px;box-shadow:0 0 1px 0 rgba(0,0,0,0.5),0 1px 10px 0 rgba(0,0,0,0.15);margin:1px;max-width:540px;min-width:326px;padding:0;width:calc(100% - 2px)\" data-instgrm-captioned=\"\" data-instgrm-permalink=\"https:\/\/www.instagram.com\/reel\/DRVOiT4j3Jl\/?utm_source=ig_embed&amp;utm_campaign=loading\" data-instgrm-version=\"14\">\n<\/blockquote>\n<p class=\"my-5 break-words group-[.isActiveSource]:text-xl\">\u00a0<\/p>\n<p class=\"my-5 break-words group-[.isActiveSource]:text-xl\">*Sob supervis\u00e3o de Pedro Osorio<\/p>\n<p><script async src=\"\/\/www.instagram.com\/embed.js\"><\/script><\/p>\n","protected":false},"excerpt":{"rendered":"O apresentador e narrador esportivo Galv\u00e3o Bueno recebeu alta hospitalar na tarde de sexta-feira (21), ap\u00f3s ficar uma&hellip;\n","protected":false},"author":2,"featured_media":161713,"comment_status":"","ping_status":"","sticky":false,"template":"","format":"standard","meta":{"footnotes":""},"categories":[145],"tags":[211,210,114,115,32,33],"class_list":{"0":"post-161712","1":"post","2":"type-post","3":"status-publish","4":"format-standard","5":"has-post-thumbnail","7":"category-celebridades","8":"tag-celebridades","9":"tag-celebrities","10":"tag-entertainment","11":"tag-entretenimento","12":"tag-portugal","13":"tag-pt"},"share_on_mastodon":{"url":"https:\/\/pubeurope.com\/@pt\/115596409169232444","error":""},"_links":{"self":[{"href":"https:\/\/www.europesays.com\/pt\/wp-json\/wp\/v2\/posts\/161712","targetHints":{"allow":["GET"]}}],"collection":[{"href":"https:\/\/www.europesays.com\/pt\/wp-json\/wp\/v2\/posts"}],"about":[{"href":"https:\/\/www.europesays.com\/pt\/wp-json\/wp\/v2\/types\/post"}],"author":[{"embeddable":true,"href":"https:\/\/www.europesays.com\/pt\/wp-json\/wp\/v2\/users\/2"}],"replies":[{"embeddable":true,"href":"https:\/\/www.europesays.com\/pt\/wp-json\/wp\/v2\/comments?post=161712"}],"version-history":[{"count":0,"href":"https:\/\/www.europesays.com\/pt\/wp-json\/wp\/v2\/posts\/161712\/revisions"}],"wp:featuredmedia":[{"embeddable":true,"href":"https:\/\/www.europesays.com\/pt\/wp-json\/wp\/v2\/media\/161713"}],"wp:attachment":[{"href":"https:\/\/www.europesays.com\/pt\/wp-json\/wp\/v2\/media?parent=161712"}],"wp:term":[{"taxonomy":"category","embeddable":true,"href":"https:\/\/www.europesays.com\/pt\/wp-json\/wp\/v2\/categories?post=161712"},{"taxonomy":"post_tag","embeddable":true,"href":"https:\/\/www.europesays.com\/pt\/wp-json\/wp\/v2\/tags?post=161712"}],"curies":[{"name":"wp","href":"https:\/\/api.w.org\/{rel}","templated":true}]}}