{"id":161716,"date":"2025-11-23T01:39:11","date_gmt":"2025-11-23T01:39:11","guid":{"rendered":"https:\/\/www.europesays.com\/pt\/161716\/"},"modified":"2025-11-23T01:39:11","modified_gmt":"2025-11-23T01:39:11","slug":"ha-uma-quase-lua-que-vai-acompanhar-a-terra-ate-2083-espaco","status":"publish","type":"post","link":"https:\/\/www.europesays.com\/pt\/161716\/","title":{"rendered":"H\u00e1 uma \u201cquase-lua\u201d que vai acompanhar a Terra at\u00e9 2083 | Espa\u00e7o"},"content":{"rendered":"<p>Os astr\u00f3nomos apelidaram-no de \u201cquase-lua\u201d, um aster\u00f3ide chamado 2025 PN7 que se move pelo espa\u00e7o numa \u00f3rbita muito semelhante \u00e0 da Terra ao redor do Sol e que, estimam, assim permanecer\u00e1 at\u00e9 por volta de 2083, ou seja, durante quase seis d\u00e9cadas.<\/p>\n<p>Embora n\u00e3o esteja gravitacionalmente ligado \u00e0 Terra, este \u201cpequeno\u201d corpo celeste, com cerca de 19 metros de di\u00e2metro \u2013 enquanto a Lua tem aproximadamente 3476 quil\u00f3metros de di\u00e2metro \u2013, segue uma traject\u00f3ria orbital semelhante \u00e0 do nosso planeta. Faz parte dos aster\u00f3ides Arjuna, um grupo de objectos celestes que se movem perto do nosso planeta em \u00f3rbitas com caracter\u00edsticas semelhantes \u00e0 \u00f3rbita da Terra.<\/p>\n<p>Num <a href=\"https:\/\/iopscience.iop.org\/article\/10.3847\/2515-5172\/ae028f\" target=\"_blank\" rel=\"nofollow noopener\">artigo<\/a> publicado em Setembro na revista Research Notes, uma publica\u00e7\u00e3o da Sociedade Astron\u00f3mica Americana (AAS, na sigla em ingl\u00eas), os investigadores sugeriram que o corpo celeste 2025 PN7, detectado neste Ver\u00e3o pelo observat\u00f3rio Pan-STARRS, localizado no Havai, poderia ser um \u201cquase-sat\u00e9lite\u201d, tamb\u00e9m conhecido como \u201cquase-lua\u201d.<\/p>\n<p>No estudo, os autores salientam que estes \u201cquase-sat\u00e9lites\u201d se encontram \u201cem \u00f3rbita ressonante\u201d com o nosso planeta, \u201cmas n\u00e3o est\u00e3o gravitacionalmente ligados \u00e0 Terra\u201d.<\/p>\n<p>        &#13;<\/p>\n<p>&#13;<br \/>\n                &#13;\n            <\/p>\n<p>&#13;<\/p>\n<p>Por outras palavras, salienta a <a href=\"https:\/\/www.smithsonianmag.com\/smart-news\/astronomers-say-earth-has-a-newly-discovered-quasi-moon-a-companion-that-shares-its-orbit-around-the-sun-180987361\/\" target=\"_blank\" rel=\"nofollow noopener\">revista Smithsonian<\/a>, \u201cas \u2018quase-luas\u2019 n\u00e3o s\u00e3o luas de verdade \u2013 s\u00e3o aster\u00f3ides que, da nossa perspectiva, parecem orbitar a Terra, mas, na realidade, seguem uma \u00f3rbita helioc\u00eantrica muito semelhante \u00e0 do nosso planeta\u201d. J\u00e1 as \u201cminiluas\u201d, por outro lado, \u201cs\u00e3o capturadas temporariamente pela gravidade da Terra\u201d, como aconteceu com o <a href=\"https:\/\/www.publico.pt\/2024\/09\/20\/ciencia\/noticia\/terra-vai-minilua-nao-sera-visivel-observatorio-portugues-2104751\" target=\"_blank\" rel=\"nofollow noopener\">2024 PT5<\/a>, um aster\u00f3ide que orbitou a Terra temporariamente entre Setembro e Novembro de 2024, agindo como uma \u201csegunda lua\u201d.<\/p>\n<p>A <a href=\"https:\/\/ssd.jpl.nasa.gov\/tools\/sbdb_lookup.html#\/?sstr=2025%20PN7\" target=\"_blank\" rel=\"nofollow noopener\">base de dados<\/a> da NASA lista o 2025 PN7 como um objecto pr\u00f3ximo da Terra e, segundo os astr\u00f3nomos, este aster\u00f3ide acompanha a Terra desde a d\u00e9cada de 1960, sendo o seu brilho fraco o motivo pelo qual permaneceu oculto durante tanto tempo.<\/p>\n<p>A monitoriza\u00e7\u00e3o destes <a href=\"https:\/\/www.earth.com\/news\/nasa-confirms-earth-has-new-quasi-moon-2025-pn7-will-accompany-us-50-years\/\" target=\"_blank\" rel=\"nofollow noopener\">corpos celestes<\/a> \u00e9 \u00fatil para testar ferramentas de navega\u00e7\u00e3o, assim como tecnologias que um dia poder\u00e3o servir para desviar ligeiramente da sua traject\u00f3ria algum aster\u00f3ide em risco de colidir com a Terra \u2013 n\u00e3o \u00e9 o caso do 2025 PN7, uma vez que as previs\u00f5es da sua traject\u00f3ria n\u00e3o indicam que possa aproximar-se da nossa atmosfera e, embora esteja \u201cpr\u00f3ximo\u201d tendo em conta o tamanho do cosmos, a sua posi\u00e7\u00e3o real em rela\u00e7\u00e3o \u00e0 Terra fica a uma dist\u00e2ncia de 4 a 17 milh\u00f5es de quil\u00f3metros.<\/p>\n","protected":false},"excerpt":{"rendered":"Os astr\u00f3nomos apelidaram-no de \u201cquase-lua\u201d, um aster\u00f3ide chamado 2025 PN7 que se move pelo espa\u00e7o numa \u00f3rbita muito&hellip;\n","protected":false},"author":2,"featured_media":161717,"comment_status":"","ping_status":"","sticky":false,"template":"","format":"standard","meta":{"footnotes":""},"categories":[84],"tags":[34396,443,109,107,108,1008,2179,1149,32,33,105,103,104,2560,106,110,1151,2077],"class_list":{"0":"post-161716","1":"post","2":"type-post","3":"status-publish","4":"format-standard","5":"has-post-thumbnail","7":"category-ciencia-e-tecnologia","8":"tag-asteroides","9":"tag-astronomia","10":"tag-ciencia","11":"tag-ciencia-e-tecnologia","12":"tag-cienciaetecnologia","13":"tag-espaco","14":"tag-lua","15":"tag-nasa","16":"tag-portugal","17":"tag-pt","18":"tag-science","19":"tag-science-and-technology","20":"tag-scienceandtechnology","21":"tag-sistema-solar","22":"tag-technology","23":"tag-tecnologia","24":"tag-terra","25":"tag-universo"},"share_on_mastodon":{"url":"","error":""},"_links":{"self":[{"href":"https:\/\/www.europesays.com\/pt\/wp-json\/wp\/v2\/posts\/161716","targetHints":{"allow":["GET"]}}],"collection":[{"href":"https:\/\/www.europesays.com\/pt\/wp-json\/wp\/v2\/posts"}],"about":[{"href":"https:\/\/www.europesays.com\/pt\/wp-json\/wp\/v2\/types\/post"}],"author":[{"embeddable":true,"href":"https:\/\/www.europesays.com\/pt\/wp-json\/wp\/v2\/users\/2"}],"replies":[{"embeddable":true,"href":"https:\/\/www.europesays.com\/pt\/wp-json\/wp\/v2\/comments?post=161716"}],"version-history":[{"count":0,"href":"https:\/\/www.europesays.com\/pt\/wp-json\/wp\/v2\/posts\/161716\/revisions"}],"wp:featuredmedia":[{"embeddable":true,"href":"https:\/\/www.europesays.com\/pt\/wp-json\/wp\/v2\/media\/161717"}],"wp:attachment":[{"href":"https:\/\/www.europesays.com\/pt\/wp-json\/wp\/v2\/media?parent=161716"}],"wp:term":[{"taxonomy":"category","embeddable":true,"href":"https:\/\/www.europesays.com\/pt\/wp-json\/wp\/v2\/categories?post=161716"},{"taxonomy":"post_tag","embeddable":true,"href":"https:\/\/www.europesays.com\/pt\/wp-json\/wp\/v2\/tags?post=161716"}],"curies":[{"name":"wp","href":"https:\/\/api.w.org\/{rel}","templated":true}]}}